{"id":864,"date":"2020-02-16T21:06:19","date_gmt":"2020-02-16T21:06:19","guid":{"rendered":"http:\/\/geneamedoc.fr\/?p=864"},"modified":"2020-02-16T21:06:19","modified_gmt":"2020-02-16T21:06:19","slug":"pierre-rene-chauvet-1879-1964","status":"publish","type":"post","link":"https:\/\/geneamedoc.fr\/?p=864","title":{"rendered":"Pierre Ren\u00e9 Chauvet  1879\/1964"},"content":{"rendered":"<p style=\"text-align: justify;\">Une autre figure castelnaudaise s\u2019est illustr\u00e9e hors des fronti\u00e8res de notre bourgade.<\/p>\n<p style=\"text-align: justify;\">Pierre Aramis Chauvet, boucher de notre village, \u00e9pouse le 27 novembre 1878 \u00e0 Castelnau de M\u00e9doc, Jeanne Marine Adine Jeantry. Rapidement enceinte, Adine accouche le 27 septembre 1879 d\u2019un petit gar\u00e7on que les \u00e9poux appelleront Pierre Ren\u00e9. Ayant pass\u00e9 toute son enfance et suivi sa scolarit\u00e9 \u00e0 Castelnau, l\u2019adolescent passionn\u00e9 de musique, d\u2019art et de litt\u00e9rature, grandira au travers d\u2019\u00e9tudes litt\u00e9raires \u00e0 Bordeaux, d\u2019\u00e9tudes musicales au grand conservatoire de Paris pour assouvir son r\u00eave de jeunesse et devenir un compositeur reconnu, chef d\u2019orchestre de concerts de musique classique puis directeur du Grand Th\u00e9\u00e2tre de Bordeaux de 1914 \u00e0 1928, Bordeaux o\u00f9 il sera domicili\u00e9 103 boulevard David Johnston. Il sera engag\u00e9 volontaire et mobilis\u00e9 du 2 ao\u00fbt 1914 au 30 janvier 1919 comme adjudant dans les Chasseurs Alpins (46\u00e8me division d\u2019Infanterie) \u00e0 Nice, combattra dans les Vosges et sera fait Chevalier de la L\u00e9gion d\u2019Honneur en 1930. A la fin des hostilit\u00e9s, il s\u2019exilera \u00e0 Vichy (03) o\u00f9 il deviendra Directeur du Grand Casino.<br \/>\nTr\u00e8s prolifique, il publiera un grand nombre d\u2019\u0153uvres musicales de tous genres : l\u2019anniversaire op\u00e9ra-comique en 2 actes, Il \u00e9tait une berg\u00e8re op\u00e9ra-comique en 1 acte, sc\u00e8nes pyr\u00e9n\u00e9ennes suite et orchestre de danses basques vari\u00e9es en 1910, sc\u00e8nes de carnaval et autres danses basques\u2026\u2026\u2026. Au Th\u00e9\u00e2tre de Bordeaux, il cr\u00e9era de nombreuses pi\u00e8ces de th\u00e9\u00e2tre dont fleurette, l\u2019heure espagnole, le savetier du Caire, quand la cloche sonnera, l\u2019amour sorcier, le Chevalier de la Rose\u2026\u2026\u2026 Il \u00e9crira des musiques pour des pi\u00e8ces de la po\u00e9tesse roumaine H\u00e9l\u00e8ne Vacaresco, repr\u00e9sentante de la Roumanie \u00e0 la Soci\u00e9t\u00e9 des Nations mais aussi des po\u00e9sies d\u2019Alfred de Musset comme Adieux \u00e0 Suzon.<br \/>\nSur ses vieux jours, il sera Pr\u00e9sident Fondateur de la Mutuelle des Musiciens Anciens Combattants Bordelais (MMACB), Organisateur de manifestations de bienfaisance pour venir en aide aux \u0153uvres suivantes : f\u00e9d\u00e9ration girondine des \u0153uvres antituberculeuses, le phare de Bordeaux pour la r\u00e9\u00e9ducation des aveugles, organisateur de colonies de vacances scolaires pour la Croix Rouge fran\u00e7aise, initiateur des cr\u00e8ches pouponni\u00e8res de la Bastide, membre du jury du Conservatoire de Bordeaux, Fondateur et Directeur de la Soci\u00e9t\u00e9 Philharmonique bordelaise, membre de la Soci\u00e9t\u00e9 des Amis de l\u2019Art\u2026\u2026\u2026..<br \/>\nIl s\u2019\u00e9teindra le 28 d\u00e9cembre 1964 \u00e0 Bayonne (64) \u00e0 l\u2019\u00e2ge de 85 ans.<\/p>\n<p>De Jean-Claude Gaillard, octobre 2013<\/p>\n","protected":false},"excerpt":{"rendered":"<p>Une autre figure castelnaudaise s\u2019est illustr\u00e9e hors des fronti\u00e8res de notre bourgade. Pierre Aramis Chauvet, boucher de notre village, \u00e9pouse le 27 novembre 1878 \u00e0 Castelnau de M\u00e9doc, Jeanne Marine Adine Jeantry. Rapidement enceinte, Adine accouche le 27 septembre 1879 &hellip; <a href=\"https:\/\/geneamedoc.fr\/?p=864\">Continuer la lecture <span class=\"meta-nav\">&rarr;<\/span><\/a><\/p>\n","protected":false},"author":1,"featured_media":0,"comment_status":"open","ping_status":"closed","sticky":false,"template":"","format":"standard","meta":{"footnotes":""},"categories":[23],"tags":[],"class_list":["post-864","post","type-post","status-publish","format-standard","hentry","category-les-chroniques-de-daniel"],"_links":{"self":[{"href":"https:\/\/geneamedoc.fr\/index.php?rest_route=\/wp\/v2\/posts\/864","targetHints":{"allow":["GET"]}}],"collection":[{"href":"https:\/\/geneamedoc.fr\/index.php?rest_route=\/wp\/v2\/posts"}],"about":[{"href":"https:\/\/geneamedoc.fr\/index.php?rest_route=\/wp\/v2\/types\/post"}],"author":[{"embeddable":true,"href":"https:\/\/geneamedoc.fr\/index.php?rest_route=\/wp\/v2\/users\/1"}],"replies":[{"embeddable":true,"href":"https:\/\/geneamedoc.fr\/index.php?rest_route=%2Fwp%2Fv2%2Fcomments&post=864"}],"version-history":[{"count":1,"href":"https:\/\/geneamedoc.fr\/index.php?rest_route=\/wp\/v2\/posts\/864\/revisions"}],"predecessor-version":[{"id":865,"href":"https:\/\/geneamedoc.fr\/index.php?rest_route=\/wp\/v2\/posts\/864\/revisions\/865"}],"wp:attachment":[{"href":"https:\/\/geneamedoc.fr\/index.php?rest_route=%2Fwp%2Fv2%2Fmedia&parent=864"}],"wp:term":[{"taxonomy":"category","embeddable":true,"href":"https:\/\/geneamedoc.fr\/index.php?rest_route=%2Fwp%2Fv2%2Fcategories&post=864"},{"taxonomy":"post_tag","embeddable":true,"href":"https:\/\/geneamedoc.fr\/index.php?rest_route=%2Fwp%2Fv2%2Ftags&post=864"}],"curies":[{"name":"wp","href":"https:\/\/api.w.org\/{rel}","templated":true}]}}