{"id":793,"date":"2019-05-09T11:18:07","date_gmt":"2019-05-09T11:18:07","guid":{"rendered":"http:\/\/geneamedoc.fr\/?p=793"},"modified":"2019-05-11T09:39:48","modified_gmt":"2019-05-11T09:39:48","slug":"forum-a-gaillan-en-medoc","status":"publish","type":"post","link":"https:\/\/geneamedoc.fr\/?p=793","title":{"rendered":"Forum \u00e0 Gaillan en M\u00e9doc"},"content":{"rendered":"\n<p>Il a eu\nlieu le samedi 23 mars 2019 de 9h \u00e0 18h dans les salons des vignerons\nd\u2019UNI-MEDOC organis\u00e9 par le club de g\u00e9n\u00e9alogie de Soulac et l\u2019association\n\u00ab&nbsp;Le Haillan &#8211; G\u00e9n\u00e9alogie &#8211; Histoire&nbsp;\u00bb avec le concours de la\nF\u00e9d\u00e9ration Girondine de G\u00e9n\u00e9alogie, d\u2019UNI-MEDOC et d\u2019Aqui-FM.<\/p>\n\n\n\n<figure class=\"wp-block-image\"><img loading=\"lazy\" decoding=\"async\" width=\"1024\" height=\"684\" src=\"http:\/\/geneamedoc.fr\/wp-content\/uploads\/2019\/05\/gaillan-1024x684.jpg\" alt=\"\" class=\"wp-image-796\" srcset=\"https:\/\/geneamedoc.fr\/wp-content\/uploads\/2019\/05\/gaillan-1024x684.jpg 1024w, https:\/\/geneamedoc.fr\/wp-content\/uploads\/2019\/05\/gaillan-300x200.jpg 300w, https:\/\/geneamedoc.fr\/wp-content\/uploads\/2019\/05\/gaillan-768x513.jpg 768w\" sizes=\"auto, (max-width: 1024px) 100vw, 1024px\" \/><\/figure>\n\n\n\n<p style=\"text-align:left\">Les diff\u00e9rents clubs pr\u00e9sents : Pays Basque Adour Garonne\/ Bayonne, Cestas, Bassin Arcachon, Blanquefort, Fargues, Le Taillan, St Aubin, Saintonges-Montendre, Le Haillan, Soulac, CGSO, Charente Angoul\u00e8me, la F\u00e9d\u00e9ration Girondine ainsi que quelques auteurs ou exposants : Nicole Badot, Jean Castet, Jean-Paul Eymond, Jean-Paul Lecorce, Monsieur L\u00e9onard p\u00eacheur.<\/p>\n\n\n\n<p>Accueillies par le Club de Soulac,\nnous nous sommes install\u00e9es sur l\u2019emplacement qui nous \u00e9tait attribu\u00e9.<\/p>\n\n\n\n<p>Affiches, livres et diaporama\ninstall\u00e9s, nous \u00e9tions pr\u00eates \u00e0 accueillir nos visiteurs.<\/p>\n\n\n\n<p>La\njourn\u00e9e rythm\u00e9e par l\u2019accueil, les visites des autres exposants,\nl\u2019animation-visite du site propos\u00e9e par les vignerons d\u2019UNI-MEDOC, une\ninterview par Aqui-FM enregistr\u00e9e par Mariannick, la pause ap\u00e9ritif et\nd\u00e9jeuner, les diff\u00e9rents visiteurs s\u2019est tr\u00e8s bien d\u00e9roul\u00e9e et s\u2019est finie\ntranquillement \u00e0 l\u2019heure pr\u00e9vue apr\u00e8s rangement. <\/p>\n\n\n\n<p>Un grand\nmerci pour l\u2019accueil et le lieu bien agr\u00e9able.<\/p>\n","protected":false},"excerpt":{"rendered":"<p>Il a eu lieu le samedi 23 mars 2019 de 9h \u00e0 18h dans les salons des vignerons d\u2019UNI-MEDOC organis\u00e9 par le club de g\u00e9n\u00e9alogie de Soulac et l\u2019association \u00ab&nbsp;Le Haillan &#8211; G\u00e9n\u00e9alogie &#8211; Histoire&nbsp;\u00bb avec le concours de la &hellip; <a href=\"https:\/\/geneamedoc.fr\/?p=793\">Continuer la lecture <span class=\"meta-nav\">&rarr;<\/span><\/a><\/p>\n","protected":false},"author":1,"featured_media":0,"comment_status":"closed","ping_status":"closed","sticky":false,"template":"","format":"standard","meta":{"footnotes":""},"categories":[1],"tags":[],"class_list":["post-793","post","type-post","status-publish","format-standard","hentry","category-non-classe"],"_links":{"self":[{"href":"https:\/\/geneamedoc.fr\/index.php?rest_route=\/wp\/v2\/posts\/793","targetHints":{"allow":["GET"]}}],"collection":[{"href":"https:\/\/geneamedoc.fr\/index.php?rest_route=\/wp\/v2\/posts"}],"about":[{"href":"https:\/\/geneamedoc.fr\/index.php?rest_route=\/wp\/v2\/types\/post"}],"author":[{"embeddable":true,"href":"https:\/\/geneamedoc.fr\/index.php?rest_route=\/wp\/v2\/users\/1"}],"replies":[{"embeddable":true,"href":"https:\/\/geneamedoc.fr\/index.php?rest_route=%2Fwp%2Fv2%2Fcomments&post=793"}],"version-history":[{"count":2,"href":"https:\/\/geneamedoc.fr\/index.php?rest_route=\/wp\/v2\/posts\/793\/revisions"}],"predecessor-version":[{"id":797,"href":"https:\/\/geneamedoc.fr\/index.php?rest_route=\/wp\/v2\/posts\/793\/revisions\/797"}],"wp:attachment":[{"href":"https:\/\/geneamedoc.fr\/index.php?rest_route=%2Fwp%2Fv2%2Fmedia&parent=793"}],"wp:term":[{"taxonomy":"category","embeddable":true,"href":"https:\/\/geneamedoc.fr\/index.php?rest_route=%2Fwp%2Fv2%2Fcategories&post=793"},{"taxonomy":"post_tag","embeddable":true,"href":"https:\/\/geneamedoc.fr\/index.php?rest_route=%2Fwp%2Fv2%2Ftags&post=793"}],"curies":[{"name":"wp","href":"https:\/\/api.w.org\/{rel}","templated":true}]}}