{"id":744,"date":"2018-09-02T18:44:39","date_gmt":"2018-09-02T18:44:39","guid":{"rendered":"http:\/\/geneamedoc.fr\/?p=744"},"modified":"2018-09-02T18:44:39","modified_gmt":"2018-09-02T18:44:39","slug":"journee-des-associations-du-1er-septembre-2018","status":"publish","type":"post","link":"https:\/\/geneamedoc.fr\/?p=744","title":{"rendered":"Journ\u00e9e des associations du 1er septembre 2018"},"content":{"rendered":"<p style=\"text-align: justify;\">Encore une belle journ\u00e9e tr\u00e8s ensoleill\u00e9e pour participer \u00e0 cette journ\u00e9e organis\u00e9e par la municipalit\u00e9. Plus de quarante assos \u00e9taient r\u00e9unies et pr\u00e9sentaient les diff\u00e9rentes et tr\u00e8s diverses activit\u00e9s qui peuvent \u00eatre pratiqu\u00e9es au niveau de la commune. En ce qui concerne la n\u00f4tre, peu de visiteurs mais un tr\u00e8s vif int\u00e9r\u00eat des enfants autour de nos \u00ab N\u00e9nettes \u00bb et \u00ab Rintintin \u00bb fabriqu\u00e9s par nos adh\u00e9rentes, avec les restes de laine de quelques grand-m\u00e8res amies de notre club. Ils furent surtout int\u00e9ress\u00e9s par la fabrication et ceci nous a donn\u00e9 l\u2019id\u00e9e de faire, \u00e0 leur intention, un atelier d\u2019apprentissage et de confection de ces \u00ab mounaques \u00bb lors de la prochaine exposition du centenaire anniversaire du 11 novembre 1918.<br \/>\nInspir\u00e9es des tableaux na\u00effs de Francisque Poulbot (1879\/1946 Paris), les poup\u00e9es de laine furent con\u00e7ues par les parents des poilus exp\u00e9di\u00e9s dans les tranch\u00e9es, afin de leur servir de porte-bonheur. Appel\u00e9es N\u00e9nette et Rintintin (paradoxalement N\u00e9nette \u00e9tait le nom masculin des figurines), elles envahirent le front et les poilus les arboraient fi\u00e8rement sur leur vareuses ou les cachaient jalousement dans leurs campements de fortune. N\u00e9nette et Rintintin avaient \u00ab un enfant \u00bb de plus petite taille nomm\u00e9 Radadou.<\/p>\n<p><a href=\"http:\/\/geneamedoc.fr\/wp-content\/uploads\/2018\/09\/mounaque.jpg\"><img loading=\"lazy\" decoding=\"async\" class=\"aligncenter size-full wp-image-745\" src=\"http:\/\/geneamedoc.fr\/wp-content\/uploads\/2018\/09\/mounaque.jpg\" alt=\"\" width=\"609\" height=\"258\" srcset=\"https:\/\/geneamedoc.fr\/wp-content\/uploads\/2018\/09\/mounaque.jpg 609w, https:\/\/geneamedoc.fr\/wp-content\/uploads\/2018\/09\/mounaque-300x127.jpg 300w\" sizes=\"auto, (max-width: 609px) 100vw, 609px\" \/><\/a><\/p>\n<p style=\"text-align: justify;\">Nous terminons gentiment notre dernier mois de vacances et nous retrouverons le 1er octobre comme convenu pour \u00e9laborer notre programme de l\u2019ann\u00e9e \u00e0 venir<\/p>\n<p><a href=\"http:\/\/geneamedoc.fr\/wp-content\/uploads\/2018\/09\/Sans-titre.png\"><img loading=\"lazy\" decoding=\"async\" class=\"aligncenter size-full wp-image-746\" src=\"http:\/\/geneamedoc.fr\/wp-content\/uploads\/2018\/09\/Sans-titre.png\" alt=\"\" width=\"503\" height=\"328\" srcset=\"https:\/\/geneamedoc.fr\/wp-content\/uploads\/2018\/09\/Sans-titre.png 503w, https:\/\/geneamedoc.fr\/wp-content\/uploads\/2018\/09\/Sans-titre-300x196.png 300w\" sizes=\"auto, (max-width: 503px) 100vw, 503px\" \/><\/a><\/p>\n","protected":false},"excerpt":{"rendered":"<p>Encore une belle journ\u00e9e tr\u00e8s ensoleill\u00e9e pour participer \u00e0 cette journ\u00e9e organis\u00e9e par la municipalit\u00e9. Plus de quarante assos \u00e9taient r\u00e9unies et pr\u00e9sentaient les diff\u00e9rentes et tr\u00e8s diverses activit\u00e9s qui peuvent \u00eatre pratiqu\u00e9es au niveau de la commune. En ce &hellip; <a href=\"https:\/\/geneamedoc.fr\/?p=744\">Continuer la lecture <span class=\"meta-nav\">&rarr;<\/span><\/a><\/p>\n","protected":false},"author":1,"featured_media":0,"comment_status":"closed","ping_status":"closed","sticky":false,"template":"","format":"standard","meta":{"footnotes":""},"categories":[2],"tags":[],"class_list":["post-744","post","type-post","status-publish","format-standard","hentry","category-activites"],"_links":{"self":[{"href":"https:\/\/geneamedoc.fr\/index.php?rest_route=\/wp\/v2\/posts\/744","targetHints":{"allow":["GET"]}}],"collection":[{"href":"https:\/\/geneamedoc.fr\/index.php?rest_route=\/wp\/v2\/posts"}],"about":[{"href":"https:\/\/geneamedoc.fr\/index.php?rest_route=\/wp\/v2\/types\/post"}],"author":[{"embeddable":true,"href":"https:\/\/geneamedoc.fr\/index.php?rest_route=\/wp\/v2\/users\/1"}],"replies":[{"embeddable":true,"href":"https:\/\/geneamedoc.fr\/index.php?rest_route=%2Fwp%2Fv2%2Fcomments&post=744"}],"version-history":[{"count":1,"href":"https:\/\/geneamedoc.fr\/index.php?rest_route=\/wp\/v2\/posts\/744\/revisions"}],"predecessor-version":[{"id":747,"href":"https:\/\/geneamedoc.fr\/index.php?rest_route=\/wp\/v2\/posts\/744\/revisions\/747"}],"wp:attachment":[{"href":"https:\/\/geneamedoc.fr\/index.php?rest_route=%2Fwp%2Fv2%2Fmedia&parent=744"}],"wp:term":[{"taxonomy":"category","embeddable":true,"href":"https:\/\/geneamedoc.fr\/index.php?rest_route=%2Fwp%2Fv2%2Fcategories&post=744"},{"taxonomy":"post_tag","embeddable":true,"href":"https:\/\/geneamedoc.fr\/index.php?rest_route=%2Fwp%2Fv2%2Ftags&post=744"}],"curies":[{"name":"wp","href":"https:\/\/api.w.org\/{rel}","templated":true}]}}