{"id":714,"date":"2018-05-17T16:39:09","date_gmt":"2018-05-17T16:39:09","guid":{"rendered":"http:\/\/geneamedoc.fr\/?p=714"},"modified":"2018-05-17T16:39:42","modified_gmt":"2018-05-17T16:39:42","slug":"les-carnets-dun-citoyen-belge-1914-1918","status":"publish","type":"post","link":"https:\/\/geneamedoc.fr\/?p=714","title":{"rendered":"Les Carnets d&rsquo;un Citoyen Belge 1914-1918"},"content":{"rendered":"<p style=\"text-align: justify;\">L&rsquo;arm\u00e9e allemande a envahi la Belgique d\u00e9but ao\u00fbt 1914. Antoine Laurenty habite \u00e0 Bruxelles avec son \u00e9pouse. La ville est rapidement occup\u00e9e par les troupes allemandes.<\/p>\n<p style=\"text-align: justify;\">Antoine Laurenty, \u00e0 partir du 1er ao\u00fbt 1914, entreprend de relater quotidiennement chaque instant qu\u2019il endure : la mis\u00e8re des Bruxellois, l&rsquo;incertitude de leur vie, l&rsquo;espoir qui naissait \u00e0 la moindre rumeur de l&rsquo;avance des alli\u00e9s, les difficult\u00e9s rencontr\u00e9es pour s&rsquo;approvisionner en victuailles et combustible et la douleur de ne pas avoir de nouvelles de la famille qui demeurait \u00e0 Li\u00e8ge ou dans les Ardennes Fran\u00e7aises.<\/p>\n<p style=\"text-align: justify;\">A la mort d\u2019Antoine et de son \u00e9pouse qui n\u2019avaient pas eu d&rsquo;enfant, Ren\u00e9 Sibenaler, leur neveu, a r\u00e9cup\u00e9r\u00e9 les 2 carnets de souvenirs et les a transmis pr\u00e9cieusement \u00e0 son fils Jean. En 2003, ce dernier d\u00e9cide d&rsquo;\u00e9diter ces documents souvenirs sous forme d\u2019un livre-recueil. Avertis par un cousin, nous nous empressons d\u2019acheter ce document et apr\u00e8s l\u2019avoir consult\u00e9, lu et relu, nous \u00e9crivons \u00e0 Jean Sibernaler pour le remercier et apprenons son d\u00e9c\u00e8s. Il s&rsquo;en suit une correspondance avec son \u00e9pouse et un \u00e9change de vieilles photos familiales (merci internet..).<\/p>\n<p style=\"text-align: justify;\">Les carnets ont \u00e9t\u00e9 archiv\u00e9s au fonds EUROPEANA 1914-1918 parmi les documents concernant la 1\u00e8re Guerre Mondiale. En janvier dernier, nous recevons par la Poste, en recommand\u00e9, un paquet. Qu&rsquo;elle ne fut pas notre surprise et notre \u00e9motion de d\u00e9couvrir les carnets du grand-oncle Antoine Laurenty, envoy\u00e9s par Mme Sibenaler ! Apr\u00e8s discussion avec ses enfants, elle a d\u00e9cid\u00e9 de confier \u00e0 Fran\u00e7ois mon mari, a\u00een\u00e9 de la famille Laurenty et petit neveu d&rsquo;Antoine, ces pr\u00e9cieux<br \/>\ndocuments.<\/p>\n<p style=\"text-align: justify;\">Fran\u00e7ois et moi ne nous lassons pas de relire les souvenirs du grand oncle, \u00e0 m\u00eame le manuscrit. Que d&rsquo;\u00e9motions ! Et nous imaginons que derri\u00e8re ces lignes, se cachent la main qui tient le porte-plume et l&rsquo;homme qui a v\u00e9cu les \u00e9v\u00e9nements tragiques de la guerre.<\/p>\n<p style=\"text-align: right;\"><em>Pour G\u00e9n\u00e9am\u00e9doc, Marie-Edith Laurenty, mai 2018.<\/em><\/p>\n<p><a href=\"http:\/\/geneamedoc.fr\/wp-content\/uploads\/2018\/05\/LAURENTY.jpg\"><img loading=\"lazy\" decoding=\"async\" class=\"size-full wp-image-715 aligncenter\" src=\"http:\/\/geneamedoc.fr\/wp-content\/uploads\/2018\/05\/LAURENTY.jpg\" alt=\"\" width=\"1014\" height=\"1721\" srcset=\"https:\/\/geneamedoc.fr\/wp-content\/uploads\/2018\/05\/LAURENTY.jpg 1014w, https:\/\/geneamedoc.fr\/wp-content\/uploads\/2018\/05\/LAURENTY-177x300.jpg 177w, https:\/\/geneamedoc.fr\/wp-content\/uploads\/2018\/05\/LAURENTY-768x1303.jpg 768w, https:\/\/geneamedoc.fr\/wp-content\/uploads\/2018\/05\/LAURENTY-603x1024.jpg 603w\" sizes=\"auto, (max-width: 1014px) 100vw, 1014px\" \/><\/a><\/p>\n<p>Antoine Laurenty est d\u00e9c\u00e9d\u00e9 en 1920, \u00e0 seulement 60 ans, \u00e9puis\u00e9 apr\u00e8s les privations de la guerre<\/p>\n","protected":false},"excerpt":{"rendered":"<p>L&rsquo;arm\u00e9e allemande a envahi la Belgique d\u00e9but ao\u00fbt 1914. Antoine Laurenty habite \u00e0 Bruxelles avec son \u00e9pouse. La ville est rapidement occup\u00e9e par les troupes allemandes. Antoine Laurenty, \u00e0 partir du 1er ao\u00fbt 1914, entreprend de relater quotidiennement chaque instant &hellip; <a href=\"https:\/\/geneamedoc.fr\/?p=714\">Continuer la lecture <span class=\"meta-nav\">&rarr;<\/span><\/a><\/p>\n","protected":false},"author":1,"featured_media":0,"comment_status":"closed","ping_status":"closed","sticky":false,"template":"","format":"standard","meta":{"footnotes":""},"categories":[1],"tags":[],"class_list":["post-714","post","type-post","status-publish","format-standard","hentry","category-non-classe"],"_links":{"self":[{"href":"https:\/\/geneamedoc.fr\/index.php?rest_route=\/wp\/v2\/posts\/714","targetHints":{"allow":["GET"]}}],"collection":[{"href":"https:\/\/geneamedoc.fr\/index.php?rest_route=\/wp\/v2\/posts"}],"about":[{"href":"https:\/\/geneamedoc.fr\/index.php?rest_route=\/wp\/v2\/types\/post"}],"author":[{"embeddable":true,"href":"https:\/\/geneamedoc.fr\/index.php?rest_route=\/wp\/v2\/users\/1"}],"replies":[{"embeddable":true,"href":"https:\/\/geneamedoc.fr\/index.php?rest_route=%2Fwp%2Fv2%2Fcomments&post=714"}],"version-history":[{"count":3,"href":"https:\/\/geneamedoc.fr\/index.php?rest_route=\/wp\/v2\/posts\/714\/revisions"}],"predecessor-version":[{"id":718,"href":"https:\/\/geneamedoc.fr\/index.php?rest_route=\/wp\/v2\/posts\/714\/revisions\/718"}],"wp:attachment":[{"href":"https:\/\/geneamedoc.fr\/index.php?rest_route=%2Fwp%2Fv2%2Fmedia&parent=714"}],"wp:term":[{"taxonomy":"category","embeddable":true,"href":"https:\/\/geneamedoc.fr\/index.php?rest_route=%2Fwp%2Fv2%2Fcategories&post=714"},{"taxonomy":"post_tag","embeddable":true,"href":"https:\/\/geneamedoc.fr\/index.php?rest_route=%2Fwp%2Fv2%2Ftags&post=714"}],"curies":[{"name":"wp","href":"https:\/\/api.w.org\/{rel}","templated":true}]}}