{"id":676,"date":"2018-01-19T07:17:02","date_gmt":"2018-01-19T07:17:02","guid":{"rendered":"http:\/\/geneamedoc.fr\/?p=676"},"modified":"2018-01-19T07:17:02","modified_gmt":"2018-01-19T07:17:02","slug":"la-station-radio","status":"publish","type":"post","link":"https:\/\/geneamedoc.fr\/?p=676","title":{"rendered":"La station radio"},"content":{"rendered":"<p style=\"text-align: justify;\">Le destin de Marie Joseph Paul Yves Roch Gilbert du Motier, marquis de La Fayette est li\u00e9 avec Bordeaux suite \u00e0 son passage dans cette ville en mars 1777, avant son d\u00e9part pour l\u2019Am\u00e9rique. Cent quarante ans plus tard, en 1917, les Am\u00e9ricains d\u00e9cid\u00e8rent d\u2019\u00e9tablir une station de radiot\u00e9l\u00e9graphie entre l\u2019Europe et l\u2019Am\u00e9rique \u00e0 Croix d\u2019Hins, actuellement commune de Marcheprime, entre Bordeaux et Arcachon.<br \/>\nA l\u2019origine, c\u2019\u00e9tait pour assurer une liaison fiable entre les deux continents par temps de guerre, et elle va \u00eatre d\u00e9nomm\u00e9e Radio Lafayette en hommage au marquis, \u00ab\u00a0h\u00e9ros des deux mondes\u00a0\u00bb. Une convention est sign\u00e9e entre la France et les Etats-Unis le 4 octobre 1917. Le g\u00e9nie fran\u00e7ais et la marine am\u00e9ricaine ont la charge de la construction.<\/p>\n<div id=\"attachment_677\" style=\"width: 303px\" class=\"wp-caption aligncenter\"><a href=\"http:\/\/geneamedoc.fr\/wp-content\/uploads\/2018\/01\/radio-lafayette.png\"><img loading=\"lazy\" decoding=\"async\" aria-describedby=\"caption-attachment-677\" class=\"wp-image-677 size-full\" src=\"http:\/\/geneamedoc.fr\/wp-content\/uploads\/2018\/01\/radio-lafayette.png\" alt=\"\" width=\"293\" height=\"177\" \/><\/a><p id=\"caption-attachment-677\" class=\"wp-caption-text\">Plan de situation (Radiofil magazine n\u00b038)<\/p><\/div>\n<div id=\"attachment_678\" style=\"width: 262px\" class=\"wp-caption aligncenter\"><a href=\"http:\/\/geneamedoc.fr\/wp-content\/uploads\/2018\/01\/illustration.png\"><img loading=\"lazy\" decoding=\"async\" aria-describedby=\"caption-attachment-678\" class=\"wp-image-678 size-full\" src=\"http:\/\/geneamedoc.fr\/wp-content\/uploads\/2018\/01\/illustration.png\" alt=\"\" width=\"252\" height=\"187\" \/><\/a><p id=\"caption-attachment-678\" class=\"wp-caption-text\">Image l\u2019Illustration<\/p><\/div>\n<p style=\"text-align: justify;\">Le chantier commence en mars 1918, et 8 \u00e9normes pyl\u00f4nes de 250 m de hauteur chacun soutenant une nappe de c\u00e2bles d\u2019une antenne de 1200 m x 400 m de long, seront \u00e9difi\u00e9s pour la partie visible la plus impressionnante de la station. Le chantier s\u2019ach\u00e8vera en avril 1920.<br \/>\nLe premier message suivant sera transmis en Anglais le 21 ao\u00fbt 1920 :<br \/>\n\u00ab\u00a0Secretary of the Navy, Washington. This is the first wireless message to be heard around the world and marks milestone of the road of scientific achievement. La Fayette radio station\u00a0\u00bb.<br \/>\nTraduction :\u00a0\u00bbD\u00e9partement de la Marine, Washington. Ceci est le premier message sans fil \u00e0 \u00eatre entendu dans le monde entier, et qui marque une \u00e9tape sur la route du progr\u00e8s scientifique. Station Radio La Fayette\u00a0\u00bb.<br \/>\nSa puissance exceptionnelle en fera le premier \u00e9metteur permettant des diffusions par-del\u00e0 l\u2019Atlantique.<br \/>\nMais en 1920, la guerre est termin\u00e9e, alors il sera reconverti avec un \u00e9metteur de plus faible puissance pour des \u00e9missions civiles.<br \/>\nEn 1925, les PTT, titulaires d\u2019un monopole de droit des transmissions, cr\u00e9aient \u00e0 Bordeaux un studio de radio d\u2019Etat, Bordeaux-Lafayette-PTT situ\u00e9 \u00e0 l\u2019H\u00f4tel des Postes de Bordeaux, et dont les \u00e9missions passaient par l\u2019\u00e9metteur de la Croix d\u2019Hins, puis un studio \u00e9metteur \u00e0 l\u2019H\u00f4tel des Postes et enfin le studio \u00e9metteur quartier Carreire, tous les deux implant\u00e9s \u00e0 Bordeaux.<\/p>\n<p><a href=\"http:\/\/geneamedoc.fr\/wp-content\/uploads\/2018\/01\/bordeaux-lafayette.png\"><img loading=\"lazy\" decoding=\"async\" class=\"aligncenter size-full wp-image-679\" src=\"http:\/\/geneamedoc.fr\/wp-content\/uploads\/2018\/01\/bordeaux-lafayette.png\" alt=\"\" width=\"195\" height=\"86\" \/><\/a><\/p>\n<div id=\"attachment_680\" style=\"width: 300px\" class=\"wp-caption alignleft\"><a href=\"http:\/\/geneamedoc.fr\/wp-content\/uploads\/2018\/01\/radio-lafayette-2.png\"><img loading=\"lazy\" decoding=\"async\" aria-describedby=\"caption-attachment-680\" class=\"wp-image-680 size-full\" src=\"http:\/\/geneamedoc.fr\/wp-content\/uploads\/2018\/01\/radio-lafayette-2.png\" alt=\"\" width=\"290\" height=\"218\" \/><\/a><p id=\"caption-attachment-680\" class=\"wp-caption-text\">Blog 100 ans de radio<\/p><\/div>\n<div id=\"attachment_681\" style=\"width: 278px\" class=\"wp-caption alignright\"><a href=\"http:\/\/geneamedoc.fr\/wp-content\/uploads\/2018\/01\/MICHELET.png\"><img loading=\"lazy\" decoding=\"async\" aria-describedby=\"caption-attachment-681\" class=\"wp-image-681 size-full\" src=\"http:\/\/geneamedoc.fr\/wp-content\/uploads\/2018\/01\/MICHELET.png\" alt=\"\" width=\"268\" height=\"213\" \/><\/a><p id=\"caption-attachment-681\" class=\"wp-caption-text\">Blog 100 ans de radio<\/p><\/div>\n<p>&nbsp;<\/p>\n<p>&nbsp;<\/p>\n<p>&nbsp;<\/p>\n<p>&nbsp;<\/p>\n<p>&nbsp;<\/p>\n<p>&nbsp;<\/p>\n<p style=\"text-align: justify;\">Vers 1928, le poste Bordeaux-Lafayette, diffuse un programme quotidien d&rsquo;informations et de musiques qui couvre en puissance toute les \u00e9missions du Sud-Ouest de la France. L\u2019originalit\u00e9 de ses programmes surpasse en qualit\u00e9, celle de la station radiot\u00e9l\u00e9graphique Lafayette \u00e0 Croix d\u2019Hins, qui diffuse essentiellement de la musique.<br \/>\nL&rsquo;histoire retiendra aussi que c&rsquo;est depuis le micro de Bordeaux-Lafayette, dans le studio de Bordeaux, que Philippe P\u00e9tain prononcera son discours du 17 juin 1940, et durant lequel on peut entendre : c&rsquo;est le c\u0153ur serr\u00e9 que je vous dis qu&rsquo;il faut cesser le combat&#8230;<br \/>\nLe lendemain, le 18 juin 1940, un autre discours, non moins c\u00e9l\u00e8bre de Charles de Gaulle, sera diffus\u00e9 depuis le micro de la BBC \u00e0 Londres : Quoi qu&rsquo;il arrive, la flamme de la r\u00e9sistance fran\u00e7aise ne doit pas s&rsquo;\u00e9teindre et ne s&rsquo;\u00e9teindra pas\u2026<br \/>\n\u00c0 partir de fin juin 1940, la station de Croix d\u2019Hins est contr\u00f4l\u00e9e par les Allemands.<br \/>\nLa Kriegsmarine utilise l\u2019\u00e9metteur \u00e0 ondes tr\u00e8s longues pour les liaisons avec les U-boot en plong\u00e9e, et la station fonctionnera jusqu\u2019\u00e0 la fin de la guerre. Mais l\u2019occupation allemande met fin aux diffusions de Bordeaux-Lafayette ainsi qu\u2019\u00e0 toutes les autres radios locales.<br \/>\nLe 22 ao\u00fbt 1944, les Allemands d\u00e9truisent les installations de Croix d\u2019Hins. Trois des quatre pyl\u00f4nes qui avaient \u00e9t\u00e9 \u00e9pargn\u00e9s furent d\u00e9mont\u00e9s apr\u00e8s la guerre et le dernier sera utilis\u00e9 par les pompiers pour la surveillance contre les incendies de for\u00eat.<br \/>\nL&rsquo;\u00e9metteur de l&rsquo;ancienne station d&rsquo;Etat \u00ab\u00a0Bordeaux Lafayette\u00a0\u00bb situ\u00e9 \u00e0 Carreire retransmettait en passif les \u00e9missions de la Radio Nationale de Vichy durant toute l&rsquo;occupation. Les Allemands \u00e9vacu\u00e8rent la ville dans la pr\u00e9cipitation sans totalement saboter l&rsquo;\u00e9metteur de Carreire. Gr\u00e2ce au personnel du site, il est remis en service apr\u00e8s deux jours de travaux, d\u00e8s le 28 ao\u00fbt 1944. La modulation provenant de Vichy est coup\u00e9e d\u00e9finitivement, et apr\u00e8s la diffusion de la Marseillaise, la station annonce la lib\u00e9ration de Bordeaux. A partir du 30 ao\u00fbt 1944, il retransmet \u00e0 nouveau des \u00e9missions r\u00e9guli\u00e8res sous le nom d&rsquo;origine de la station d&rsquo;Etat \u00ab\u00a0Radio Bordeaux Lafayette\u00a0\u00bb. Les journaux d&rsquo;information de la nouvelle Radiodiffusion Fran\u00e7aise y sont diffus\u00e9s, mais il faudra attendre 1945 pour que l&rsquo;\u00e9metteur int\u00e8gre v\u00e9ritablement le r\u00e9seau du programme national.<br \/>\nAinsi se termina l\u2019existence de Radio Lafayette, une radio au destin historique \u00e0 l\u2019image de l\u2019homme dont elle avait adopt\u00e9 le nom.<\/p>\n<p style=\"text-align: center;\">Serge Michel Dumartin pour G\u00e9n\u00e9am\u00e9doc, janvier 2018.<\/p>\n<p>Sources : wikipedia.org, \u00e9metteur de Lafayette &#8211; leradiofil.com &#8211; raconte-moi la radio<\/p>\n","protected":false},"excerpt":{"rendered":"<p>Le destin de Marie Joseph Paul Yves Roch Gilbert du Motier, marquis de La Fayette est li\u00e9 avec Bordeaux suite \u00e0 son passage dans cette ville en mars 1777, avant son d\u00e9part pour l\u2019Am\u00e9rique. Cent quarante ans plus tard, en &hellip; <a href=\"https:\/\/geneamedoc.fr\/?p=676\">Continuer la lecture <span class=\"meta-nav\">&rarr;<\/span><\/a><\/p>\n","protected":false},"author":1,"featured_media":0,"comment_status":"closed","ping_status":"closed","sticky":false,"template":"","format":"standard","meta":{"footnotes":""},"categories":[1],"tags":[],"class_list":["post-676","post","type-post","status-publish","format-standard","hentry","category-non-classe"],"_links":{"self":[{"href":"https:\/\/geneamedoc.fr\/index.php?rest_route=\/wp\/v2\/posts\/676","targetHints":{"allow":["GET"]}}],"collection":[{"href":"https:\/\/geneamedoc.fr\/index.php?rest_route=\/wp\/v2\/posts"}],"about":[{"href":"https:\/\/geneamedoc.fr\/index.php?rest_route=\/wp\/v2\/types\/post"}],"author":[{"embeddable":true,"href":"https:\/\/geneamedoc.fr\/index.php?rest_route=\/wp\/v2\/users\/1"}],"replies":[{"embeddable":true,"href":"https:\/\/geneamedoc.fr\/index.php?rest_route=%2Fwp%2Fv2%2Fcomments&post=676"}],"version-history":[{"count":1,"href":"https:\/\/geneamedoc.fr\/index.php?rest_route=\/wp\/v2\/posts\/676\/revisions"}],"predecessor-version":[{"id":682,"href":"https:\/\/geneamedoc.fr\/index.php?rest_route=\/wp\/v2\/posts\/676\/revisions\/682"}],"wp:attachment":[{"href":"https:\/\/geneamedoc.fr\/index.php?rest_route=%2Fwp%2Fv2%2Fmedia&parent=676"}],"wp:term":[{"taxonomy":"category","embeddable":true,"href":"https:\/\/geneamedoc.fr\/index.php?rest_route=%2Fwp%2Fv2%2Fcategories&post=676"},{"taxonomy":"post_tag","embeddable":true,"href":"https:\/\/geneamedoc.fr\/index.php?rest_route=%2Fwp%2Fv2%2Ftags&post=676"}],"curies":[{"name":"wp","href":"https:\/\/api.w.org\/{rel}","templated":true}]}}