{"id":610,"date":"2017-08-14T19:07:05","date_gmt":"2017-08-14T19:07:05","guid":{"rendered":"http:\/\/geneamedoc.fr\/?p=610"},"modified":"2017-08-14T19:07:52","modified_gmt":"2017-08-14T19:07:52","slug":"610","status":"publish","type":"post","link":"https:\/\/geneamedoc.fr\/?p=610","title":{"rendered":"\u00c9OLIENNE  de SAINT GERMAIN D\u2019ESTEUIL , Gironde."},"content":{"rendered":"<p><a href=\"http:\/\/geneamedoc.fr\/wp-content\/uploads\/2017\/08\/BOLLE1.jpg\"><img loading=\"lazy\" decoding=\"async\" class=\"size-full wp-image-612 alignleft\" src=\"http:\/\/geneamedoc.fr\/wp-content\/uploads\/2017\/08\/BOLLE1.jpg\" alt=\"BOLLE1\" width=\"131\" height=\"146\" \/><\/a>Ernest \u2013Sylvain Boll\u00e9e est issu d\u2019une famille de fondeurs de cloches. Fondeur lui-m\u00eame, il travaille pour les plus grands carillons du monde, en parall\u00e8le il \u00e9tudie le fonctionnement du b\u00e9lier hydraulique d\u00e9couvert par Joseph de Montgolfier en 1792, mais jamais aboutit.<br \/>\nEn 1868 il prend un brevet pour son \u00e9olienne. A sa mort son fils Am\u00e9d\u00e9e se passionne pour l\u2019automobile, Ernest aura la branche du b\u00e9lier hydraulique, et Auguste la branche \u00e9olienne, celle de Saint Germain d\u2019Esteuil a \u00e9t\u00e9 install\u00e9e en 1883 .<br \/>\nEn 1885 un deuxi\u00e8me brevet est d\u00e9pos\u00e9, avec une version am\u00e9lior\u00e9e et en 1900 elle est pr\u00e9sent\u00e9e \u00e0 l\u2019Exposition Universelle.<br \/>\nL\u2019\u00e9olienne ce compose d\u2019une turbine, d\u2019un \u201c stator\u201c qui s\u2019oriente seul au vent et transmet l\u2019\u00e9nergie \u00e0 la roue plac\u00e9e \u00e0 l\u2019arri\u00e8re appel\u00e9e \u201crotor\u201c. Au sommet du pignon surmontant les roues se trouve une girouette.<br \/>\nLa colonne centrale de l\u2019\u00e9difice est un tube en fonte fix\u00e9 au sol par un socle en ma\u00e7onnerie. Une plateforme qui permet aux techniciens de contr\u00f4ler les installations, il y a aussi un garde-corps sur lequel sont indiqu\u00e9s les points cardinaux. Un escalier en colima\u00e7on a \u00e9t\u00e9 pr\u00e9vu pour acc\u00e9der \u00e0 la plateforme et enfin, 8 haubans soutiennent l\u2019ensemble de la construction.<br \/>\nIl en sera construit des centaines, et dans le M\u00e9doc, beaucoup seront d\u00e9mont\u00e9es ou d\u00e9truites.<br \/>\n&#8211; Cussac Fort M\u00e9doc : ch\u00e2teau La Chesnaye<br \/>\n&#8211; Cussac : ch\u00e2teau Lannesan, (d\u00e9truite en 1999 par la temp\u00eate). Saint Est\u00e9phe.<br \/>\n&#8211; Soussans : ch\u00e2teau Larigaudi\u00e9re.<br \/>\n&#8211; Saint Germain d\u2019Esteuil : ferme de Barbeh\u00e9ne .<br \/>\n&#8211; Saint Laurent de M\u00e9doc : ch\u00e2teau Trintaudon.<\/p>\n<div id=\"attachment_613\" style=\"width: 268px\" class=\"wp-caption alignleft\"><a href=\"http:\/\/geneamedoc.fr\/wp-content\/uploads\/2017\/08\/st-germain.png\"><img loading=\"lazy\" decoding=\"async\" aria-describedby=\"caption-attachment-613\" class=\"wp-image-613 size-full\" src=\"http:\/\/geneamedoc.fr\/wp-content\/uploads\/2017\/08\/st-germain.png\" alt=\"st germain\" width=\"258\" height=\"343\" srcset=\"https:\/\/geneamedoc.fr\/wp-content\/uploads\/2017\/08\/st-germain.png 258w, https:\/\/geneamedoc.fr\/wp-content\/uploads\/2017\/08\/st-germain-226x300.png 226w\" sizes=\"auto, (max-width: 258px) 100vw, 258px\" \/><\/a><p id=\"caption-attachment-613\" class=\"wp-caption-text\">Saint Germain d&rsquo;Esteuil<\/p><\/div>\n<p><a href=\"http:\/\/geneamedoc.fr\/wp-content\/uploads\/2017\/08\/dessin.png\"><img loading=\"lazy\" decoding=\"async\" class=\"size-full wp-image-614 alignright\" src=\"http:\/\/geneamedoc.fr\/wp-content\/uploads\/2017\/08\/dessin.png\" alt=\"dessin\" width=\"228\" height=\"335\" srcset=\"https:\/\/geneamedoc.fr\/wp-content\/uploads\/2017\/08\/dessin.png 228w, https:\/\/geneamedoc.fr\/wp-content\/uploads\/2017\/08\/dessin-204x300.png 204w\" sizes=\"auto, (max-width: 228px) 100vw, 228px\" \/><\/a><\/p>\n<p>&nbsp;<\/p>\n<p>&nbsp;<\/p>\n<div id=\"attachment_615\" style=\"width: 556px\" class=\"wp-caption aligncenter\"><a href=\"http:\/\/geneamedoc.fr\/wp-content\/uploads\/2017\/08\/bassens.png\"><img loading=\"lazy\" decoding=\"async\" aria-describedby=\"caption-attachment-615\" class=\"wp-image-615 size-full\" src=\"http:\/\/geneamedoc.fr\/wp-content\/uploads\/2017\/08\/bassens.png\" alt=\"bassens\" width=\"546\" height=\"345\" srcset=\"https:\/\/geneamedoc.fr\/wp-content\/uploads\/2017\/08\/bassens.png 546w, https:\/\/geneamedoc.fr\/wp-content\/uploads\/2017\/08\/bassens-300x190.png 300w\" sizes=\"auto, (max-width: 546px) 100vw, 546px\" \/><\/a><p id=\"caption-attachment-615\" class=\"wp-caption-text\">Bassens (33) Domaine de Beauval<\/p><\/div>\n<p><em> Jean Claude Gaillard, ao\u00fbt 2017<\/em><\/p>\n","protected":false},"excerpt":{"rendered":"<p>Ernest \u2013Sylvain Boll\u00e9e est issu d\u2019une famille de fondeurs de cloches. Fondeur lui-m\u00eame, il travaille pour les plus grands carillons du monde, en parall\u00e8le il \u00e9tudie le fonctionnement du b\u00e9lier hydraulique d\u00e9couvert par Joseph de Montgolfier en 1792, mais jamais &hellip; <a href=\"https:\/\/geneamedoc.fr\/?p=610\">Continuer la lecture <span class=\"meta-nav\">&rarr;<\/span><\/a><\/p>\n","protected":false},"author":1,"featured_media":0,"comment_status":"open","ping_status":"open","sticky":false,"template":"","format":"standard","meta":{"footnotes":""},"categories":[1],"tags":[],"class_list":["post-610","post","type-post","status-publish","format-standard","hentry","category-non-classe"],"_links":{"self":[{"href":"https:\/\/geneamedoc.fr\/index.php?rest_route=\/wp\/v2\/posts\/610","targetHints":{"allow":["GET"]}}],"collection":[{"href":"https:\/\/geneamedoc.fr\/index.php?rest_route=\/wp\/v2\/posts"}],"about":[{"href":"https:\/\/geneamedoc.fr\/index.php?rest_route=\/wp\/v2\/types\/post"}],"author":[{"embeddable":true,"href":"https:\/\/geneamedoc.fr\/index.php?rest_route=\/wp\/v2\/users\/1"}],"replies":[{"embeddable":true,"href":"https:\/\/geneamedoc.fr\/index.php?rest_route=%2Fwp%2Fv2%2Fcomments&post=610"}],"version-history":[{"count":2,"href":"https:\/\/geneamedoc.fr\/index.php?rest_route=\/wp\/v2\/posts\/610\/revisions"}],"predecessor-version":[{"id":618,"href":"https:\/\/geneamedoc.fr\/index.php?rest_route=\/wp\/v2\/posts\/610\/revisions\/618"}],"wp:attachment":[{"href":"https:\/\/geneamedoc.fr\/index.php?rest_route=%2Fwp%2Fv2%2Fmedia&parent=610"}],"wp:term":[{"taxonomy":"category","embeddable":true,"href":"https:\/\/geneamedoc.fr\/index.php?rest_route=%2Fwp%2Fv2%2Fcategories&post=610"},{"taxonomy":"post_tag","embeddable":true,"href":"https:\/\/geneamedoc.fr\/index.php?rest_route=%2Fwp%2Fv2%2Ftags&post=610"}],"curies":[{"name":"wp","href":"https:\/\/api.w.org\/{rel}","templated":true}]}}