{"id":529,"date":"2017-04-02T18:54:49","date_gmt":"2017-04-02T18:54:49","guid":{"rendered":"http:\/\/geneamedoc.fr\/?p=529"},"modified":"2017-04-02T18:54:49","modified_gmt":"2017-04-02T18:54:49","slug":"travail-en-commun-pour-lexpo-du-centenaire-de-larmistice-1918","status":"publish","type":"post","link":"https:\/\/geneamedoc.fr\/?p=529","title":{"rendered":"Travail en commun pour l\u2019expo du centenaire de l\u2019armistice 1918"},"content":{"rendered":"<p style=\"text-align: justify;\">Nos 32 adh\u00e9rents ont trim\u00e9 dur pour d\u00e9velopper les sujets qui nous serviront \u00e0 l\u2019exposition de la comm\u00e9moration du centenaire de l\u2019armistice de la Grande Guerre. Une cinquantaine de sujets ont \u00e9t\u00e9 travaill\u00e9s de fort belle fa\u00e7on pour offrir au public une palette, la plus exhaustive possible, des \u00e9v\u00e8nements qui ont marqu\u00e9 cette p\u00e9riode douloureuse ayant co\u00fbt\u00e9 \u00e0 l\u2019humanit\u00e9 pr\u00e8s de 19 millions de vies humaines.<\/p>\n<p>1914<\/p>\n<p>Assassinat de Sarajevo : Jean-Pierre Arnaud<br \/>\nLa d\u00e9claration de guerre\u00a0: Jean-Pierre Arnaud<br \/>\nOrdre de mobilisation g\u00e9n\u00e9rale\u00a0: Jean-Claude Gaillard<br \/>\nHistoire de la famille Besnier\u00a0: Jean-Claude Gaillard et Mr Toulouse de Blanquefort<br \/>\nLes Blind\u00e9s\u00a0: Xavier Decloux<br \/>\nL\u2019aviation\u00a0:\u00a0Xavier Decloux<br \/>\nLes Sous-Marins\u00a0: Jean-Daniel Birebont<br \/>\nLa Marine\u00a0: Jean-Daniel Birebont<br \/>\nL\u2019arm\u00e9e coloniale\u00a0:\u00a0Jean-Daniel Birebont et Marianne S\u00e9it\u00e9<br \/>\nL\u2019arm\u00e9e d\u2019Afrique\u00a0: Marianne S\u00e9it\u00e9<br \/>\nLes tirailleurs s\u00e9n\u00e9galais\u00a0:\u00a0Marianne S\u00e9it\u00e9<br \/>\nL\u2019artillerie fran\u00e7aise\u00a0:\u00a0Jean-Daniel Birebont<br \/>\nLes chasseurs \u00e0 bicyclette\u00a0:\u00a0Jean-Daniel Birebont<br \/>\nLes pigeons voyageurs\u00a0:\u00a0Jean-Daniel Birebont<br \/>\nLes taxis de la Marne\u00a0:\u00a0Jean-Claude Gaillard<br \/>\nLa bataille de la Marne\u00a0:\u00a0Jean-Pierre Arnaud<br \/>\nPremi\u00e8re victime fran\u00e7aise\u00a0:\u00a0Xavier Decloux<br \/>\nMarraines de guerre\u00a0:Jean-Daniel Birebont<br \/>\nLes religieux du front\u00a0: Juliette Bouchon<\/p>\n<p>1915<\/p>\n<p>Gaz moutarde\u00a0: Marie-Claire Martin-Alv\u00e8s<br \/>\nBataille des Dardanelles\u00a0:\u00a0Mariannick Lafiteau<\/p>\n<p>1916<\/p>\n<p>Bataille de la Somme\u00a0:\u00a0Jean-Daniel Birebont<br \/>\nDrame de Douaumont\u00a0: Jean-Claude Gaillard<br \/>\nLes Gueules Cass\u00e9es\u00a0:\u00a0Jean-Daniel Birebont<br \/>\nLes tirailleurs de la Teste\u00a0:\u00a0Jean-Daniel Birebont<br \/>\nLa tranch\u00e9e des ba\u00efonnettes\u00a0:\u00a0Dominique Schumacher<br \/>\nBizarreries \u00e0 Verdun\u00a0: Juliette Bouchon<\/p>\n<p>1917<\/p>\n<p>Bataille de Verdun\u00a0:\u00a0Agn\u00e8s Bill\u00e8re<br \/>\nLe Chemin des Dames\u00a0:\u00a0Annie Bessonnet<br \/>\nLes prisonniers de guerre\u00a0:\u00a0Dominique Schumacher<br \/>\nLa bataille de Vimy\u00a0:\u00a0Christine Dab\u00e9 et Juliette Bouchon<\/p>\n<p>1918<br \/>\nLe travail des femmes\u00a0:\u00a0Marie-Christine Fau<br \/>\nLe r\u00f4le des femmes\u00a0:\u00a0Marie-Christine Fau<br \/>\nLa clairi\u00e8re de l\u2019armistice\u00a0:\u00a0Juliette Bouchon<br \/>\nLe wagon de l\u2019armistice\u00a0:\u00a0Juliette Bouchon<br \/>\nLe dernier poilu tomb\u00e9\u00a0:\u00a0Xavier Decloux<br \/>\nLes principales clauses\u00a0:\u00a0Juliette Bouchon<\/p>\n<p>Apr\u00e8s<br \/>\nLe soldat Bianco\u00a0: Jean-Claude Gaillard<br \/>\nLe soldat Jean Carr\u00e9\u00a0:\u00a0Jean-Claude Gaillard<br \/>\nLe soldat Ratto\u00a0:\u00a0Jean-Claude Gaillard<br \/>\nLes enfants\u00a0:\u00a0Jean-Claude Gaillard<br \/>\nLe cimeti\u00e8re des oubli\u00e9s\u00a0: Jean-Daniel Birebont<br \/>\nLes fusill\u00e9s pour l\u2019exemple\u00a0:\u00a0Jean-Daniel Birebont<br \/>\nLettres des soldats aux familles\u00a0:\u00a0Delphine Ani\u00e8s<br \/>\nOssuaire de Douaumont\u00a0: Jean-Daniel Birebont<br \/>\nCorps restitu\u00e9s aux familles\u00a0:\u00a0Maryse S\u00e9r\u00e9 et Juliette Bouchon<br \/>\nMonument aux morts de Castelnau\u00a0:\u00a0Maryse et Juliette<br \/>\nCaveau au cimeti\u00e8re pour les MPLF\u00a0: Maryse et Juliette<br \/>\nLe Soldat Inconnu :\u00a0Juliette Bouchon<br \/>\nApr\u00e8s, qu\u2019est devenu le wagon\u00a0?\u00a0: Juliette Bouchon<br \/>\nReconstruction de la France\u00a0:\u00a0Jean-Daniel Birebont<br \/>\nStatistiques de la Grande Guerre\u00a0:\u00a0Jean-Daniel Birebont<\/p>\n<p style=\"text-align: justify;\">Merci \u00e0 vous toutes et tous pour le travail accompli. J\u2019esp\u00e8re que nous aurons beaucoup de visiteurs pour cette expo qui aura lieu le dimanche 11 novembre 2018 de 10h \u00e0 18h00 \u00e0 l\u2019ancienne salle des f\u00eates. Mon intention est de r\u00e9aliser une brochure r\u00e9capitulative de notre exposition et d\u2019essayer de la mettre en vente aux profits de nos jeunes ou d\u2019enfants handicap\u00e9s ou n\u00e9cessiteux de nos connaissances. Bon courage pour terminer cette ann\u00e9e besogneuse et afin de prendre de belles couleurs pendant les vacances prochaines.<\/p>\n","protected":false},"excerpt":{"rendered":"<p>Nos 32 adh\u00e9rents ont trim\u00e9 dur pour d\u00e9velopper les sujets qui nous serviront \u00e0 l\u2019exposition de la comm\u00e9moration du centenaire de l\u2019armistice de la Grande Guerre. Une cinquantaine de sujets ont \u00e9t\u00e9 travaill\u00e9s de fort belle fa\u00e7on pour offrir au &hellip; <a href=\"https:\/\/geneamedoc.fr\/?p=529\">Continuer la lecture <span class=\"meta-nav\">&rarr;<\/span><\/a><\/p>\n","protected":false},"author":1,"featured_media":0,"comment_status":"open","ping_status":"open","sticky":false,"template":"","format":"standard","meta":{"footnotes":""},"categories":[1],"tags":[],"class_list":["post-529","post","type-post","status-publish","format-standard","hentry","category-non-classe"],"_links":{"self":[{"href":"https:\/\/geneamedoc.fr\/index.php?rest_route=\/wp\/v2\/posts\/529","targetHints":{"allow":["GET"]}}],"collection":[{"href":"https:\/\/geneamedoc.fr\/index.php?rest_route=\/wp\/v2\/posts"}],"about":[{"href":"https:\/\/geneamedoc.fr\/index.php?rest_route=\/wp\/v2\/types\/post"}],"author":[{"embeddable":true,"href":"https:\/\/geneamedoc.fr\/index.php?rest_route=\/wp\/v2\/users\/1"}],"replies":[{"embeddable":true,"href":"https:\/\/geneamedoc.fr\/index.php?rest_route=%2Fwp%2Fv2%2Fcomments&post=529"}],"version-history":[{"count":1,"href":"https:\/\/geneamedoc.fr\/index.php?rest_route=\/wp\/v2\/posts\/529\/revisions"}],"predecessor-version":[{"id":530,"href":"https:\/\/geneamedoc.fr\/index.php?rest_route=\/wp\/v2\/posts\/529\/revisions\/530"}],"wp:attachment":[{"href":"https:\/\/geneamedoc.fr\/index.php?rest_route=%2Fwp%2Fv2%2Fmedia&parent=529"}],"wp:term":[{"taxonomy":"category","embeddable":true,"href":"https:\/\/geneamedoc.fr\/index.php?rest_route=%2Fwp%2Fv2%2Fcategories&post=529"},{"taxonomy":"post_tag","embeddable":true,"href":"https:\/\/geneamedoc.fr\/index.php?rest_route=%2Fwp%2Fv2%2Ftags&post=529"}],"curies":[{"name":"wp","href":"https:\/\/api.w.org\/{rel}","templated":true}]}}