{"id":495,"date":"2017-02-18T22:17:30","date_gmt":"2017-02-18T22:17:30","guid":{"rendered":"http:\/\/geneamedoc.fr\/?p=495"},"modified":"2017-02-22T12:38:31","modified_gmt":"2017-02-22T12:38:31","slug":"cimetiere-de-bordeaux-nord","status":"publish","type":"post","link":"https:\/\/geneamedoc.fr\/?p=495","title":{"rendered":"Cimeti\u00e8re de Bordeaux-Nord"},"content":{"rendered":"<ul>\n<li style=\"text-align: justify;\">LE CAVEAU-MONUMENT DES 231 SOLDATS RESTITUES DE LA GUERRE 14-18<\/li>\n<\/ul>\n<p><a href=\"http:\/\/geneamedoc.fr\/wp-content\/uploads\/2017\/02\/cimetiere.png\"><img loading=\"lazy\" decoding=\"async\" class=\"aligncenter size-full wp-image-496\" src=\"http:\/\/geneamedoc.fr\/wp-content\/uploads\/2017\/02\/cimetiere.png\" alt=\"cimetiere\" width=\"639\" height=\"480\" srcset=\"https:\/\/geneamedoc.fr\/wp-content\/uploads\/2017\/02\/cimetiere.png 639w, https:\/\/geneamedoc.fr\/wp-content\/uploads\/2017\/02\/cimetiere-300x225.png 300w\" sizes=\"auto, (max-width: 639px) 100vw, 639px\" \/><\/a><br \/>\nAuteur: Serge Michel DUMARTIN<br \/>\nEn collaboration avec Bernard LABARBE pour l&rsquo;identification des soldats<\/p>\n<p><span style=\"text-decoration: underline;\">HISTORIQUE<\/span><\/p>\n<p style=\"text-align: justify;\">En ce d\u00e9but du XXe si\u00e8cle, la ville de BORDEAUX consid\u00e9rant que le cimeti\u00e8re de la CHARTREUSE, ouvert en 1791 \u00e0 l&#8217;emplacement du couvent des Chartreux, ne suffirait plus, d\u00e9cida de la construction d&rsquo;un second cimeti\u00e8re. Ne disposant pas de terrains d&rsquo;une surface suffisamment importante, c&rsquo;est sur le territoire de la commune de Bruges, dans la banlieue bordelaise, que sera ouvert le 1er novembre 1910 ce nouveau cimeti\u00e8re, d\u00e9sign\u00e9 Cimeti\u00e8re Bordeaux-Nord, et situ\u00e9 11 avenue Jean Jaur\u00e8s, \u00e0 Bruges.<\/p>\n<p>La premi\u00e8re inhumation se d\u00e9roulera le vendredi 30 d\u00e9cembre 1910.<\/p>\n<p style=\"text-align: justify;\">C&rsquo;est aussi dans ce cimeti\u00e8re que seront inhum\u00e9s les premiers soldats victimes de la guerre 14-18, et le premier soldat fran\u00e7ais inhum\u00e9, le sera le 30 ao\u00fbt 1914. Mais bien vite, le 13 septembre 1914, il faudra aussi inhumer le premier soldat allemand. Tous, Fran\u00e7ais et Allemands sont des victimes de maladies ou de blessures de guerre, et proviennent des h\u00f4pitaux bordelais.<\/p>\n<p style=\"text-align: justify;\">Apr\u00e8s la fin de la guerre il sera alors d\u00e9cid\u00e9 de r\u00e9organiser l&rsquo;ensemble de ces tombes, et de cr\u00e9er un carr\u00e9 militaire Allemand, qui comptera 192 tombes dont une d&rsquo;un soldat autrichien, et un carr\u00e9 militaire fran\u00e7ais de 1388 tombes, comprenant aussi 6 tombes de soldats Belge, 2 tombes de soldats Britannique, 11 tombes de soldats Russe, 4 tombes de soldats Tch\u00e9coslovaque, 1 tombe de soldat Portugais, et 1 tombe de soldat Polonais.<\/p>\n<p style=\"text-align: justify;\">Toutefois, le carr\u00e9 militaire fran\u00e7ais ne prendra le visage d\u00e9finitif que nous lui connaissons aujourd&rsquo;hui, que le 30 septembre 1957, par le regroupement des s\u00e9ries J et K dans la seule s\u00e9rie I, et avec la r\u00e9alisation par les \u00e9tablissements Ussel Fr\u00e8res de la murette, et la pose de croix et st\u00e8les en ciment blanc, orn\u00e9es de plaques d&rsquo;identit\u00e9s en zinc fondu.<\/p>\n<div id=\"attachment_497\" style=\"width: 356px\" class=\"wp-caption aligncenter\"><a href=\"http:\/\/geneamedoc.fr\/wp-content\/uploads\/2017\/02\/carre-allemand.png\"><img loading=\"lazy\" decoding=\"async\" aria-describedby=\"caption-attachment-497\" class=\"wp-image-497 size-full\" src=\"http:\/\/geneamedoc.fr\/wp-content\/uploads\/2017\/02\/carre-allemand.png\" alt=\"carre allemand\" width=\"346\" height=\"260\" srcset=\"https:\/\/geneamedoc.fr\/wp-content\/uploads\/2017\/02\/carre-allemand.png 346w, https:\/\/geneamedoc.fr\/wp-content\/uploads\/2017\/02\/carre-allemand-300x225.png 300w\" sizes=\"auto, (max-width: 346px) 100vw, 346px\" \/><\/a><p id=\"caption-attachment-497\" class=\"wp-caption-text\">Carr\u00e9 militaire Allemand<\/p><\/div>\n<div id=\"attachment_498\" style=\"width: 356px\" class=\"wp-caption aligncenter\"><a href=\"http:\/\/geneamedoc.fr\/wp-content\/uploads\/2017\/02\/carre-fran\u00e7ais.png\"><img loading=\"lazy\" decoding=\"async\" aria-describedby=\"caption-attachment-498\" class=\"wp-image-498 size-full\" src=\"http:\/\/geneamedoc.fr\/wp-content\/uploads\/2017\/02\/carre-fran\u00e7ais.png\" alt=\"carre fran\u00e7ais\" width=\"346\" height=\"260\" srcset=\"https:\/\/geneamedoc.fr\/wp-content\/uploads\/2017\/02\/carre-fran\u00e7ais.png 346w, https:\/\/geneamedoc.fr\/wp-content\/uploads\/2017\/02\/carre-fran\u00e7ais-300x225.png 300w\" sizes=\"auto, (max-width: 346px) 100vw, 346px\" \/><\/a><p id=\"caption-attachment-498\" class=\"wp-caption-text\">Carr\u00e9 militaire Fran\u00e7ais<\/p><\/div>\n<p><span style=\"text-decoration: underline;\">LEGISLATION DES LIEUX D&rsquo;INHUMATION DES SOLDATS MORTS POUR LA FRANCE<\/span><\/p>\n<p style=\"text-align: justify;\">C&rsquo;est \u00e0 la suite d&rsquo;une s\u00e9rie de lois, dont celle du 29 d\u00e9cembre 1915, qui dans son article 1er, stipule: \u00ab\u00a0<em>lorsque en vue de l&rsquo;\u00e9tablissement des s\u00e9pultures perp\u00e9tuelles qui devront \u00eatre assur\u00e9es aux militaires des arm\u00e9es fran\u00e7aises et alli\u00e9es, d\u00e9c\u00e9d\u00e9s pendant la dur\u00e9e de la guerre des suites de blessures ou de maladies contract\u00e9es aux arm\u00e9es, il sera n\u00e9cessaire d&rsquo;acqu\u00e9rir des terrains hors des cimeti\u00e8res existants, l&rsquo;acquisition sera faite au nom de l&rsquo;\u00c9tat par le Ministre de la Guerre\u00a0\u00bb<\/em>.<\/p>\n<p style=\"text-align: justify;\">Puis la loi du 31 juillet 1920, article 105, stipule que \u00ab\u00a0<em>les cimeti\u00e8res militaires cr\u00e9\u00e9s ou \u00e0 cr\u00e9er sur l&rsquo;ancien front des arm\u00e9es pour recevoir \u00e0 titre perp\u00e9tuel les cendres des soldats Morts pour la France pendant la guerre 1914-1918 sont d\u00e9clar\u00e9s propri\u00e9t\u00e9 nationale, et seront gard\u00e9s et entretenus aux frais de la nation\u00a0\u00bb.<\/em><\/p>\n<p style=\"text-align: justify;\">A suivre l&rsquo;article 106, \u00ab\u00a0<em>les veuves, ascendants ou descendants des militaires ou marins Morts pour la France, ont droit \u00e0 la restitution et au transfert aux frais de l&rsquo;\u00c9tat, des corps desdits militaires ou marins. Un d\u00e9cret rendu sur la proposition du Ministre de l&rsquo;Int\u00e9rieur et du Ministre des Pensions, d\u00e9terminera dans quelles conditions les transferts des corps seront effectu\u00e9s \u00e0 partir du 1er d\u00e9cembre 1920&Prime;.<\/em><\/p>\n<p style=\"text-align: justify;\">Enfin la loi du 28 septembre 1920 d\u00e9finira les conditions pr\u00e9cises de la restitution des corps des militaires dans son article premier : \u00ab\u00a0<em>le transfert aux frais de l&rsquo;\u00c9tat des corps des militaires Morts pour la France comporte les op\u00e9rations suivantes : exhumation, mise en bi\u00e8re herm\u00e9tique, transport collectif par route et par voie ferr\u00e9e du premier lieu d&rsquo;inhumation jusqu&rsquo;au cimeti\u00e8re d\u00e9sign\u00e9 par la famille, et re- inhumation dans ce cimeti\u00e8re\u00a0\u00bb.<\/em><\/p>\n<p style=\"text-align: justify;\">A partir de cette date, toutes les familles fran\u00e7aises auront le choix, soit de laisser le soldat d\u00e9funt dans une N\u00e9cropole Nationale, soit de demander la restitution du corps dans le caveau familial, sachant que la s\u00e9pulture perp\u00e9tuelle aux frais de l&rsquo;\u00c9tat sera r\u00e9serv\u00e9e aux militaires inhum\u00e9s dans les cimeti\u00e8res de guerre, ou qui auront \u00e9t\u00e9 plac\u00e9s au moment de leur d\u00e9c\u00e8s, dans des carr\u00e9s militaires de cimeti\u00e8res communaux.<\/p>\n<p>Certaines familles bordelaises vont faire la d\u00e9marche de la restitution de corps.<\/p>\n<p><span style=\"text-decoration: underline;\">SOLDATS RESTITUES AU CIMETIERE BORDEAUX-NORD<\/span><\/p>\n<p>Une fois la d\u00e9marche de restitution du corps entreprise, l&rsquo;autorit\u00e9 militaire, comme le stipulait la loi, organisait les convois militaires en regroupant les corps vers la m\u00eame destination.<\/p>\n<p>Sur place, c&rsquo;\u00e9tait au tour des autorit\u00e9s municipales, en collaboration avec les autorit\u00e9s militaires, d&rsquo;organiser la r\u00e9-inhumation. Les familles \u00e9taient convi\u00e9es \u00e0 une c\u00e9r\u00e9monie se d\u00e9roulant devant le Monument aux Morts de la guerre de 1870 du cimeti\u00e8re de la Chartreuse, pour ensuite, selon le lieu du caveau familial d\u00e9sign\u00e9, le corps du soldat \u00e9tait inhum\u00e9 \u00e0 la Chartreuse, ou achemin\u00e9 vers les cimeti\u00e8res de Bordeaux-Nord, Protestant ou Isra\u00e9lite.<\/p>\n<p>A ce jour, la r\u00e9partition des 1285 soldats restitu\u00e9s inhum\u00e9s dans les cimeti\u00e8res bordelais est la suivante :<\/p>\n<p>&#8211; 719 soldats restitu\u00e9s au cimeti\u00e8re de la Chartreuse<br \/>\n&#8211; 536 soldats restitu\u00e9s au cimeti\u00e8re de Bordeaux-Nord<br \/>\n&#8211; 23 soldats restitu\u00e9s au cimeti\u00e8re Protestant<br \/>\n&#8211; 11 soldats restitu\u00e9s au cimeti\u00e8re Isra\u00e9lite<\/p>\n<div id=\"attachment_499\" style=\"width: 712px\" class=\"wp-caption aligncenter\"><a href=\"http:\/\/geneamedoc.fr\/wp-content\/uploads\/2017\/02\/exposition.png\"><img loading=\"lazy\" decoding=\"async\" aria-describedby=\"caption-attachment-499\" class=\"wp-image-499 size-full\" src=\"http:\/\/geneamedoc.fr\/wp-content\/uploads\/2017\/02\/exposition.png\" alt=\"exposition\" width=\"702\" height=\"527\" srcset=\"https:\/\/geneamedoc.fr\/wp-content\/uploads\/2017\/02\/exposition.png 702w, https:\/\/geneamedoc.fr\/wp-content\/uploads\/2017\/02\/exposition-300x225.png 300w\" sizes=\"auto, (max-width: 702px) 100vw, 702px\" \/><\/a><p id=\"caption-attachment-499\" class=\"wp-caption-text\">Plan de c\u00e9r\u00e9monie avec les familles et les autorit\u00e9s religieuses et militaires<\/p><\/div>\n<p><a href=\"http:\/\/geneamedoc.fr\/wp-content\/uploads\/2017\/02\/monument.png\"><img loading=\"lazy\" decoding=\"async\" class=\"size-full wp-image-500 alignleft\" src=\"http:\/\/geneamedoc.fr\/wp-content\/uploads\/2017\/02\/monument.png\" alt=\"monument\" width=\"132\" height=\"139\" \/><\/a><\/p>\n<p>&nbsp;<\/p>\n<p>&nbsp;<\/p>\n<p>&nbsp;<\/p>\n<p>&nbsp;<\/p>\n<p><span style=\"text-decoration: underline;\">REPARTITION DES SOLDATS RESTITUES<\/span><\/p>\n<p style=\"text-align: justify;\">\u00a0Toutes les familles qui avaient demand\u00e9es la restitution des corps ne poss\u00e9daient pas de caveaux familiaux. On va alors retrouver globalement trois cat\u00e9gories de s\u00e9pultures :<\/p>\n<p style=\"text-align: justify;\">\u00a0&#8211; les soldats inhum\u00e9s dans des caveaux familiaux<br \/>\n&#8211; les soldats inhum\u00e9s dans des caveaux familiaux d&rsquo;accueil<br \/>\n&#8211; les soldats inhum\u00e9s en champ commun, dans un carr\u00e9 sp\u00e9cial pour militaires<\/p>\n<p style=\"text-align: justify;\">Pour tous les d\u00e9funts inhum\u00e9s en champ commun, la r\u00e8gle \u00e9tait qu&rsquo;apr\u00e8s une p\u00e9riode de 7-8 ans, si les corps n&rsquo;\u00e9taient pas r\u00e9clam\u00e9s par les familles, ceux-ci \u00e9taient transf\u00e9r\u00e9s anonymement dans les ossuaires.<\/p>\n<p style=\"text-align: justify;\">Cette situation qui concernait les familles les plus pauvres \u00e9tait inacceptable pour les poilus d\u00e9funts.<\/p>\n<p style=\"text-align: justify;\">\u00a0De fait, la municipalit\u00e9 qui s&rsquo;y \u00e9tait engag\u00e9e, va ent\u00e9riner par son maire, Fernand Philippart (1871-1934), au cours de la s\u00e9ance du conseil Municipal du 7 avril 1925, la construction au cimeti\u00e8re nord, d&rsquo;un caveau destin\u00e9s \u00e0 recevoir les corps des militaires \u00ab\u00a0Morts pour la France\u00a0\u00bb, et transf\u00e9r\u00e9s de la zone des arm\u00e9es.<\/p>\n<p style=\"text-align: justify;\">Une somme de 60 000 francs est approuv\u00e9e suite aux \u00e9tudes men\u00e9es par l&rsquo;ing\u00e9nieur-architecte de la ville de Bordeaux, M. Jacques d&rsquo;Welles.<\/p>\n<p style=\"text-align: justify;\"><span style=\"text-decoration: underline;\">Extrait de la d\u00e9lib\u00e9ration :<\/span><\/p>\n<p style=\"text-align: justify;\"><a href=\"http:\/\/geneamedoc.fr\/wp-content\/uploads\/2017\/02\/d\u00e9liberation-caveau.png\"><img loading=\"lazy\" decoding=\"async\" class=\"aligncenter size-full wp-image-503\" src=\"http:\/\/geneamedoc.fr\/wp-content\/uploads\/2017\/02\/d\u00e9liberation-caveau.png\" alt=\"d\u00e9liberation caveau\" width=\"702\" height=\"366\" srcset=\"https:\/\/geneamedoc.fr\/wp-content\/uploads\/2017\/02\/d\u00e9liberation-caveau.png 702w, https:\/\/geneamedoc.fr\/wp-content\/uploads\/2017\/02\/d\u00e9liberation-caveau-300x156.png 300w\" sizes=\"auto, (max-width: 702px) 100vw, 702px\" \/><\/a><\/p>\n<div id=\"attachment_504\" style=\"width: 629px\" class=\"wp-caption aligncenter\"><a href=\"http:\/\/geneamedoc.fr\/wp-content\/uploads\/2017\/02\/plan-caveau.png\"><img loading=\"lazy\" decoding=\"async\" aria-describedby=\"caption-attachment-504\" class=\"wp-image-504 size-full\" src=\"http:\/\/geneamedoc.fr\/wp-content\/uploads\/2017\/02\/plan-caveau.png\" alt=\"plan caveau\" width=\"619\" height=\"543\" srcset=\"https:\/\/geneamedoc.fr\/wp-content\/uploads\/2017\/02\/plan-caveau.png 619w, https:\/\/geneamedoc.fr\/wp-content\/uploads\/2017\/02\/plan-caveau-300x263.png 300w\" sizes=\"auto, (max-width: 619px) 100vw, 619px\" \/><\/a><p id=\"caption-attachment-504\" class=\"wp-caption-text\">Plan du caveau<\/p><\/div>\n<p>C&rsquo;est le 17 ao\u00fbt 1925 que sera pass\u00e9 le march\u00e9 de la construction du caveau \u00e0 l&rsquo;entreprise Barbotin, pour la somme nette et \u00e0 forfait de 44 800 Francs.<br \/>\nLa r\u00e9ception d\u00e9finitive du caveau marquant la fin des travaux sera effectu\u00e9e le 30 octobre 1926.<br \/>\nSur la dalle en granit sera grav\u00e9e l&rsquo;inscription : \u00ab\u00a0AUX MORTS DE LA GRANDE GUERRE 1914 \u2013 1918\u00a0\u00bb.<br \/>\n<a href=\"http:\/\/geneamedoc.fr\/wp-content\/uploads\/2017\/02\/caveau-des-soldats.png\"><img loading=\"lazy\" decoding=\"async\" class=\"aligncenter size-full wp-image-506\" src=\"http:\/\/geneamedoc.fr\/wp-content\/uploads\/2017\/02\/caveau-des-soldats.png\" alt=\"caveau des soldats\" width=\"662\" height=\"498\" srcset=\"https:\/\/geneamedoc.fr\/wp-content\/uploads\/2017\/02\/caveau-des-soldats.png 662w, https:\/\/geneamedoc.fr\/wp-content\/uploads\/2017\/02\/caveau-des-soldats-300x226.png 300w\" sizes=\"auto, (max-width: 662px) 100vw, 662px\" \/><\/a><br \/>\n<span style=\"text-decoration: underline;\">\u00c9pilogue:<\/span><\/p>\n<p style=\"text-align: justify;\">Lors de la pr\u00e9sentation du projet de construction de ce caveau en s\u00e9ance du Conseil Municipal du 7 avril 1925, il \u00e9tait bien pr\u00e9cis\u00e9 ceci :<br \/>\n<a href=\"http:\/\/geneamedoc.fr\/wp-content\/uploads\/2017\/02\/voute-sup\u00e9rieure.png\"><img loading=\"lazy\" decoding=\"async\" class=\"aligncenter size-full wp-image-507\" src=\"http:\/\/geneamedoc.fr\/wp-content\/uploads\/2017\/02\/voute-sup\u00e9rieure.png\" alt=\"voute sup\u00e9rieure\" width=\"706\" height=\"114\" srcset=\"https:\/\/geneamedoc.fr\/wp-content\/uploads\/2017\/02\/voute-sup\u00e9rieure.png 706w, https:\/\/geneamedoc.fr\/wp-content\/uploads\/2017\/02\/voute-sup\u00e9rieure-300x48.png 300w\" sizes=\"auto, (max-width: 706px) 100vw, 706px\" \/><\/a><br \/>\nMais la construction du monument sera abandonn\u00e9e, et la dalle en pierre remplac\u00e9e par une dalle en granit, avec une inscription g\u00e9n\u00e9raliste, pouvant \u00eatre interpr\u00e9t\u00e9e comme un hommage aux seuls soldats du carr\u00e9 militaire environnant.<br \/>\nSur les registres du cimeti\u00e8re de Bordeaux-Nord, tous les soldats exhum\u00e9s du champ commun, sont indiqu\u00e9s \u00eatre r\u00e9-inhum\u00e9s dans le \u00ab\u00a0CAVEAU-MONUMENT\u00a0\u00bb.<br \/>\nDe fait, ces 231 soldats dont les noms ne sont pas grav\u00e9s sur le monument promis, sont devenus des soldats \u00e0 la s\u00e9pulture oubli\u00e9e.<br \/>\nL&rsquo;existence m\u00eame de ce caveau devient floue dans les m\u00e9moires contemporaines pour ne pas dire inconnue.<br \/>\nIl est temps pour tous ces soldats tomb\u00e9s sur les champs de bataille de retrouver une identit\u00e9.<br \/>\nJe propose d&rsquo;\u00e9riger des panneaux comm\u00e9moratifs, et de graver leurs noms, afin qu&rsquo;ils ne soient plus des soldats \u00ab\u00a0MORTS POUR LA FRANCE\u00a0\u00bb \u00e0 la s\u00e9pulture anonyme.<\/p>\n<p>Serge Michel DUMARTIN<br \/>\nSources et Documents:<br \/>\narchives municipales de Bordeaux<br \/>\nphotos de l&rsquo;auteur<\/p>\n<p style=\"text-align: justify;\"><span style=\"color: #ff0000;\">A l\u2019initiative de Mme Cathy Foucher, conservatrice des cimeti\u00e8res de Bordeaux, des panneaux listant tous les noms des soldats identifi\u00e9s comme \u00e9tant inhum\u00e9s dans ce Caveau-Monument, ont \u00e9t\u00e9 install\u00e9s le 10 novembre 2014.<\/span><br \/>\n<span style=\"color: #ff0000;\"> Un grand merci \u00e0 Mme Cathy Foucher pour son \u00e9coute et son implication \u00e0 la sauvegarde de la m\u00e9moire de ces soldats.<\/span><\/p>\n<div id=\"attachment_508\" style=\"width: 521px\" class=\"wp-caption aligncenter\"><a href=\"http:\/\/geneamedoc.fr\/wp-content\/uploads\/2017\/02\/plaque-commemorative.png\"><img loading=\"lazy\" decoding=\"async\" aria-describedby=\"caption-attachment-508\" class=\"size-full wp-image-508\" src=\"http:\/\/geneamedoc.fr\/wp-content\/uploads\/2017\/02\/plaque-commemorative.png\" alt=\"Nouvelle plaque comm\u00e9morative des 231 soldats 14-18 inhum\u00e9s dans le Caveau-Monument \" width=\"511\" height=\"384\" \/><\/a><p id=\"caption-attachment-508\" class=\"wp-caption-text\">Nouvelle plaque comm\u00e9morative des<br \/>231 soldats 14-18 inhum\u00e9s dans le Caveau-Monument<\/p><\/div>\n<p><span style=\"text-decoration: underline;\">INVENTAIRE DES 231 SOLDATS INHUMES DANS LE CAVEAU <\/span><\/p>\n<p>ABADIE Victor, Achart, Marcel, Andr\u00e9\u00a0\u00a0\u00a0 55\u00e8 R.I.<br \/>\nAGRECH Paul, L\u00e9on 37\u00e8 R.I.C.<br \/>\nALVINERIE Andr\u00e9 34\u00e8 R.I.<br \/>\nANGERAN Roger Jean Marie Alexandre 12\u00e8 R.A.<br \/>\nARBOUCALOT Jean Gabriel 12\u00e8 R.I.<br \/>\nARRAULT Pierre Henri 102\u00e8 R.I.T.<br \/>\nARROU Emile, Louis 43\u00e8 R.A. Coloniale<br \/>\nARTIGUE Auguste Marc 54\u00e8 R.I.<br \/>\nARTIGUES Joseph Edouard 8\u00e8 R. Tirailleurs<br \/>\nBALAGUE Pierre Georges Louis 20\u00e8 C.O.A.<br \/>\nBALLION Marc Henri R.I.C.M.<br \/>\nBAQUIE Henri 344\u00e8 R.I.<br \/>\nBARETS Paul Eug\u00e8ne 18\u00e8 R.I.<br \/>\nBARONNET Charles Nicolas Auguste 140\u00e8 R.I.T.<br \/>\nBAZEILLE Pierre 18\u00e8 R.I.<br \/>\nBEAUJENDRE L\u00e9on Louis Lucien 344\u00e8 R.I.<br \/>\nBEL Armand 21\u00e8 R.I.C.<br \/>\nBELIZAIRE Gabriel Joseph 15\u00e8 C.O.A.<br \/>\nBERAGNE Georges 372\u00e8 R.I.<br \/>\nBERCHE Fran\u00e7ois 207\u00e8 R.I.<br \/>\nBERGES Louis Fran\u00e7ois 108\u00e8 R.I.<br \/>\nBERGNES Roger Louis 3\u00e8 bis Zouaves<br \/>\nBERNADICOU-BARTHOUET Pierre 146\u00e8 R.I.<br \/>\nBERNARD-ROY Louis ??<br \/>\nBERNIES Dominique L\u00e9opold 48\u00e8 R.A.<br \/>\nBIDOT Louis 176\u00e8 R.I.<br \/>\nBILLOT Pierre Marcel 19 \u00e8 R.I.<br \/>\nBLANCHARD Fran\u00e7ois Matelot<br \/>\nBOILEVIN Louis Marcel 271\u00e8 R.A.C.<br \/>\nBOINE Joseph 18\u00e8 R.I.<br \/>\nBOINEL Henri 144\u00e8 R.I.<br \/>\nBOISSERIE Fernand 80\u00e8 R.I.<br \/>\nBONNAMI Georges 417\u00e8 R.I.<br \/>\nBONNARD Paul Fernand 20\u00e8 R.I.<br \/>\nBOMPAS Jean 176\u00e8 R.I.<br \/>\nBORE Henri Fran\u00e7ois 8\u00e8 G\u00e9nie<br \/>\nBOUISSON Marcel Pierre 23\u00e8 R.I.C.<br \/>\nBOURSAUD Pierre 60\u00e8 B.C.P.<br \/>\nBOUVIER Jules 22\u00e8 R.I.C.<br \/>\nBREHERET Paul 212\u00e8 R.I.<br \/>\nBRIZARD Louis Andr\u00e9 401\u00e8 R.I.<br \/>\nBRUGIE Pierre 6\u00e8 R.I.C.<br \/>\nBUROS Jean Louis 344\u00e8 R.I.<br \/>\nCABOURIN Joseph Jean 344\u00e8 R.I.<br \/>\nCASSOURET Jean Baptiste 3\u00e8 Groupe aviation<br \/>\nCAUBARRUS Henri 1er R.I.<br \/>\nCAUBARUS Emile 52\u00e8 R.I.<br \/>\nCAZAUX Baptiste 63\u00e8 R.I.<br \/>\nCESSAC Paul 76\u00e8 R.I.<br \/>\nCHATELAIN Cyprien Claude 63\u00e8 R.I.<br \/>\nCHATENET L\u00e9on 344\u00e8 R.I.<br \/>\nCHAUVEAU M\u00e9ric Gabriel 127 R.I.<br \/>\nCONDAMINE Joseph 7\u00e8 R.I.T.<br \/>\nCOUDERC Edouard Albert 206\u00e8 R.I.<br \/>\nCOUDERC L\u00e9on 6\u00e8 G\u00e9nie<br \/>\nCOUDERT Andr\u00e9 7\u00e8 R.I.C.<br \/>\nCOURBIN Jean Fernand 37\u00e8 R.I.C.<br \/>\nCOURBIN Roger Pierre 57\u00e8 R.I.<br \/>\nCOURTIAU Jean Emile 108\u00e8 R.I.<br \/>\nCOUTAUD Gustave Edouard Louis 28\u00e8 R.I.<br \/>\nCOUTHURES Jean 14\u00e8 R.I.<br \/>\nCRABOS Maurice 87\u00e8 R.I.<br \/>\nCROUAU Jean Pierre 109\u00e8 R.I.<br \/>\nDAGEDE Marcelin 6\u00e8 R.I.<br \/>\nDAGUT Jean Armand 20\u00e8 R.I.<br \/>\nDALLET Joseph Julien 63\u00e8 R.I.<br \/>\nDARMUZEY Antoine 16\u00e8 S.I.M.<br \/>\nDEBAS Etienne Jean 7\u00e8 R.I.C.<br \/>\nDEGANS Raymond 67\u00e8 R.I.<br \/>\nDELAGE Pierre Victorin 319\u00e8 R.I.<br \/>\nDELOS Michel 12\u00e8 R.I.<br \/>\nDELYS Etienne 144\u00e8 R.I.<br \/>\nDESBARATS Roger L\u00e9on 1er R. de Zouaves<br \/>\nDESPUJOLS Henri Robert 412\u00e8 R.I.<br \/>\nDOLHANDY Pierre Jules 299\u00e8 R.I.<br \/>\nDONNESSE Gaston 37\u00e8 R.I.C.<br \/>\nDORTIGNAC Jean Louis 206\u00e8 R.I.<br \/>\nDOUMENJOU Joseph Marcel 369\u00e8 R.I.<br \/>\nDUBEDOUT L\u00e9onard 176\u00e8 R.I.<br \/>\nDUBEDOUT Raoul Eug\u00e8ne 413\u00e8 R.I.<br \/>\nDUBUC Roger 34\u00e8 R.I.<br \/>\nDUCOMBS Joseph Victor 26\u00e8 R.I.<br \/>\nDUCOURNEAU Barth\u00e9l\u00e9my 276\u00e8 R.I.<br \/>\nDUNIS Joseph 176\u00e8 R.I.<br \/>\nDUPIOT Andr\u00e9 Pierre 417\u00e8 R.I.<br \/>\nDUPUY Adrien Louis 60\u00e8 R.I.<br \/>\nDUYVER Hipolyte Joseph 412\u00e8 R.I.<br \/>\nFAUCHEY Joseph 144\u00e8 R.I.<br \/>\nFERRE Martin Jean 30\u00e8 R.A.<br \/>\nFLAMANT Gaston Bernard 15\u00e8 E.T.E.M.<br \/>\nFORGUE Jean Marcel 7\u00e8 R.I.C.<br \/>\nFOURTUNNE Jean 24\u00e8 R.A.C.<br \/>\nGARREAU Henri L\u00e9on 123\u00e8 R.I.<br \/>\nGASSIES Jean 7\u00e8 R.I.C.<br \/>\nGAYE Charles Andr\u00e9 25\u00e8me S.I.M.<br \/>\nGEDEON Jean Edgard 11\u00e8 R.I.<br \/>\nGEDON Pierre 58\u00e8 R.A.<br \/>\nGERBEAUD Paul Louis 12\u00e8 R.I.<br \/>\nGOUPIL Pierre 1er Groupe d&rsquo;automobile<br \/>\nGRANGET Pierre 11\u00e8 R.T. Alg\u00e9riens<br \/>\nGROCQ Pierre 60\u00e8 R.I.<br \/>\nGUERINET Andr\u00e9 57\u00e8 R.I.<br \/>\nGUEUTIN Marcel Jean Marie 248\u00e8 R.I.<br \/>\nGUIONVAL Louis Marcelin 57\u00e8 R.I.<br \/>\nHATCHONDO Georges 40\u00e8 R.A.<br \/>\nHAZERA Jean Paul 85\u00e8 R.A.L.<br \/>\nHEDEMBAIGT Louis 6\u00e8 S.I.M.<br \/>\nHERAUD Louis 60\u00e8 R.I.<br \/>\nHERAUD Victor 2\u00e8 G\u00e9nie<br \/>\nHERPIN Baptiste Gabriel 142\u00e8 R.I.T.<br \/>\nHODELIN Arthur Roger 3\u00e8 R.I.C.<br \/>\nHOURSOLLE Fran\u00e7ois 52\u00e8 R.I.T.<br \/>\nITHURBIDE Lucien 147\u00e8 R.I.<br \/>\nJANIS Arthur Narcisse Henry 57\u00e8 R.I.<br \/>\nJAUNIN Justin 1er R.M.Z<br \/>\nJEROME Roger 22\u00e8 B.C. Alpins ou \u00e0 Pied<br \/>\nJOYAUX Ren\u00e9 Henry 415\u00e8 R.I.<br \/>\nJUDE Pierre 18\u00e8 Section Infirmier<br \/>\nJULIA Hippolite 319\u00e8 R.I.<br \/>\nJUNCA Jean Ren\u00e9 57\u00e8 R.I.<br \/>\nLABARRERE Auguste 2\u00e8 Groupe aviation<br \/>\nLABEYRIE Marcel Lucien Laurent 53\u00e8 R.I.C.<br \/>\nLACABANNE Pierre 49\u00e8 R.I.<br \/>\nLACHAMP Ferdinand Pierre 22\u00e8 R.I.C.<br \/>\nLACOMME Henri Th\u00e9ophile 37\u00e8 R.I.C.<br \/>\nLADEVEZE Marcel Andr\u00e9 3\u00e8 R.I.C.<br \/>\nLAFARGUE Roger 269\u00e8 R.I.<br \/>\nLAFAYE Pierre Eug\u00e8ne Ren\u00e9 53\u00e8 R.I.C.<br \/>\nLAFFON Raymond 67\u00e8 R.I.<br \/>\nLAGARDE Roger Jean 41\u00e8 R.I.<br \/>\nLAGOUARDE Jean Baptiste 70\u00e8 R.A.L.<br \/>\nLALANDE Jean 23\u00e8 R.A.<br \/>\nLAMOU Jean Justin 3\u00e8 R.I.C.<br \/>\nLANCON Charles 6\u00e8 R.I.<br \/>\nLANDELLE Eug\u00e8ne Fernand 5\u00e8 R.M.T.<br \/>\nLANDREAU Gaston 50\u00e8 R.I.<br \/>\nLANGLADE Raoul 56\u00e8 R.I.C.<br \/>\nLANTERI Emile Eug\u00e8ne 218\u00e8 R.I.<br \/>\nLANTIN Joseph 14\u00e8 R.I.<br \/>\nLANUSSE Jacques Jean 37\u00e8 R.I.C.<br \/>\nLAPARE Georges Jean 7\u00e8 R.I.C.<br \/>\nLATOUR Baptistin Louis 2\u00e8 Zouaves<br \/>\nLAVIGNE-NABARANNE Charles 43\u00e8 R.I.C.<br \/>\nLEFORT Dominique 7\u00e8 Sec. Chemins de Fer de Camp.<br \/>\nLEROUX Charles Ren\u00e9 Marie 57\u00e8 R.I.<br \/>\nLEROUX Henri 284\u00e8 R.I.<br \/>\nLORMO Albert 413\u00e8 R.I.<br \/>\nLOSQUIN Eug\u00e8ne 7\u00e8 R.I.C.<br \/>\nLOUBIERE Sylvio 209\u00e8 R.I.<br \/>\nLUC Julien 58\u00e8 R.A.<br \/>\nLUCIE Marie Armand 34\u00e8 R.I.C.<br \/>\nLUR Arnaud Isma\u00ebl 7\u00e8 R.I.C.<br \/>\nMAINGUET Henri Gaston 298\u00e8 R.I.<br \/>\nMANESCAU Romain Roger Jean 7\u00e8 R.I.C.<br \/>\nMARGA Camille 140\u00e8 R.I.T.<br \/>\nMARICAL Louis 75\u00e8 R.I.<br \/>\nMARTEGOUTE Ren\u00e9 6\u00e8 C.O.A.<br \/>\nMARTIN Pierre Henri 49\u00e8 R.I.<br \/>\nMAYSONNAVE Louis Pierre 22\u00e8 S.I.M.<br \/>\nMEILLAN Armand 308\u00e8 R.I.<br \/>\nMENIER Charles F\u00e9lix L\u00e9on 2\u00e8 G\u00e9nie<br \/>\nMENIER Daniel Jean Maurice 232\u00e8 R.A.C.<br \/>\nMILLET Auguste Lucien 61\u00e8 B.T.S.<br \/>\nMOLAS Marie Auguste L\u00e9onard 308\u00e8 R.I.<br \/>\nMONTAUT Fernand 417\u00e8 R.I.<br \/>\nMORERE Etienne Louis Jean Marie 204\u00e8 R.I.<br \/>\nMUGRON Alfred Roland 288\u00e8 R.I.<br \/>\nNARDON Henri Francois 101\u00e8 R.A.L.<br \/>\nNOUGUE-DEBAT Louis 412\u00e8 R.I.<br \/>\nPASCAL Jules 412\u00e8 R.I.<br \/>\nPEGOT Louis Isma\u00ebl 6\u00e8 R.I.<br \/>\nPERE Emile Gabriel 206\u00e8 R.I.<br \/>\nPERET Pierre 360\u00e8 R.I.<br \/>\nPEYRONNAUD Louis 37\u00e8 R.I.C.<br \/>\nPHELIPPON Georges Eug\u00e8ne 7\u00e8 R.I.C.<br \/>\nPILLIVUYT Norbert Cadre prisonnier de guerre<br \/>\nPISTRE Arthur 18\u00e8 Section C.O.A.<br \/>\nPLESSIS Louis Jean 57\u00e8 R.I.<br \/>\nPOITOU Alexis Gustave 33\u00e8 R.I.C.<br \/>\nPOUILLET No\u00ebl Andr\u00e8 Camille 15\u00e8 E.T.E.M.<br \/>\nPOUYAU Jean Maurice 6\u00e8 R.I.<br \/>\nPRADERE Ferdinand 144\u00e8 R.I.<br \/>\nPUISAY Roger 346\u00e8 R.I.<br \/>\nPUYBARAUD Pierre Andr\u00e9 44\u00e8 B.T.S.<br \/>\nRAOUL Marcel 20\u00e8 Escadron du Train<br \/>\nRAYMOND Philippe 257\u00e8 R.I.<br \/>\nRAYNAUD Alph\u00e9e 107\u00e8 R.I.<br \/>\nREYNAL Robert Justin 144\u00e8 R.I.<br \/>\nRIBEYROLLE Pierre 144\u00e8 R.I.<br \/>\nRICHON Alma Marius 208\u00e8 R.I.<br \/>\nRINJONNEAU F\u00e9lix Marine, Salonique<br \/>\nRIOBE Louis Georges 26\u00e8 R.I.<br \/>\nROBERT Jean ??<br \/>\nROCHAT Gabriel 20\u00e8 E.T.E.M.<br \/>\nROLLOT Jean Emile Urbain Paul 144\u00e8 R.I.<br \/>\nROMELOT Andr\u00e9 Louis 417\u00e8 R.I.<br \/>\nRONCE Gabriel Edgard 22\u00e8 R.I.C.<br \/>\nROUBINEAU Ren\u00e9 Etienne 54\u00e8 R.I.<br \/>\nROUSSET Eug\u00e8ne Henri Baptiste 118\u00e8 R.I.<br \/>\nRULLIER Michel 372\u00e8 R.I.<br \/>\nRUMEAU Michel Joseph 418\u00e8 R.I.<br \/>\nSABATE Joseph Pierre 22\u00e8 R.I.C.<br \/>\nSABATE Marcel Vincent Marine, 4\u00e8 D\u00e9p\u00f4t<br \/>\nSAINT-LEGER Emmanuel Germain 7\u00e8 R.I.C.<br \/>\nSAINT-MARTIN Louis F\u00e9lix 140\u00e8 R.I.T.<br \/>\nSARRADE Jean 67\u00e8 R.I.<br \/>\nSARRAN Jean Odilon Lucien 23\u00e8 R.I.C.<br \/>\nSAUGNACQ William Armand 418\u00e8 R.I.<br \/>\nSAUTIER Jean 269\u00e8 R.I.<br \/>\nSAUZE Ernest L\u00e9on 28\u00e8 R.I.T.<br \/>\nSAVES Elie 144\u00e8 R.I.<br \/>\nSCHULLER Pierre 69\u00e8 R.I.<br \/>\nSEBASTOPOL Elie Gaston 24\u00e8 R.A.C.<br \/>\nSENTENAC Auguste 53\u00e8 R.I.C.<br \/>\nSIMONEL Marie Edouard Roger 25\u00e8 R.I.<br \/>\nSIMONNET Marcel Roger 14\u00e8 R.A.C.<br \/>\nSIMONNET Pierre Albert 89\u00e8 R.A.L.<br \/>\nTERZIT Georges 125\u00e8 R.I.<br \/>\nTILHAC Jean Henri 60\u00e8 R.A.C.<br \/>\nTISSEDRE Pierre Bernard 35\u00e8 R.I.<br \/>\nTOULET-MELAT Louis 169\u00e8 R.I.<br \/>\nTREJAUD Gabriel Paul Lucien Louis 108\u00e8 R.I.<br \/>\nTREMOULET Ch\u00e9ri Nicolas 144\u00e8 R.I.<br \/>\nVADENCOURT Gaston Henri L\u00e9on 412\u00e8 R.I.<br \/>\nVALLET Eug\u00e8ne Hippolyte 418\u00e8 R.I.<br \/>\nVEDRENNE L\u00e9on Auguste 133\u00e8 R.I.<br \/>\nVERDUN Louis 1er R.I.C.M.<br \/>\nVIAUVY Louis Hector Lucien 108\u00e8 R.I.<br \/>\nVIGIER Antoine Paul 60\u00e8 Bat. Ch. \u00c0 Pied<br \/>\nVIGIER Roger 28\u00e8 Bat. G\u00e9nie<br \/>\nVINGINAUD Jean 5\u00e8 R. du G\u00e9nie<\/p>\n<p><span style=\"text-decoration: underline;\">QUELQUES SOLDATS INHUMES DANS LE CAVEAU-MONUMENT<\/span><\/p>\n<p>BALAGUE Pierre Georges Louis<a href=\"http:\/\/geneamedoc.fr\/wp-content\/uploads\/2017\/02\/balague.png\"><img loading=\"lazy\" decoding=\"async\" class=\"size-full wp-image-509 alignleft\" src=\"http:\/\/geneamedoc.fr\/wp-content\/uploads\/2017\/02\/balague.png\" alt=\"balague\" width=\"162\" height=\"191\" \/><\/a><br \/>\nN\u00e9 le 26 juin 1893 \u00e0 Lamarque (Gironde)<br \/>\nSoldat \u00e0 la 20\u00e8 Section des Commis et Ouvrier d&rsquo;Administration<br \/>\nD\u00e9c\u00e9d\u00e9 le 26 mars 1916 \u00e0 Lamarque, \u00e0 son domicile.<br \/>\nMaladie contract\u00e9e en service<\/p>\n<p>&nbsp;<\/p>\n<p>&nbsp;<\/p>\n<p>BILLOT Pierre Marcel<a href=\"http:\/\/geneamedoc.fr\/wp-content\/uploads\/2017\/02\/billot.png\"><img loading=\"lazy\" decoding=\"async\" class=\"size-full wp-image-510 alignleft\" src=\"http:\/\/geneamedoc.fr\/wp-content\/uploads\/2017\/02\/billot.png\" alt=\"billot\" width=\"148\" height=\"192\" \/><\/a><br \/>\nN\u00e9 le 07 mai 1888 \u00e0 Rions (Gironde)<br \/>\nSoldat au 20\u00e8 R\u00e9giment d&rsquo;Infanterie<br \/>\nTu\u00e9 \u00e0 l&rsquo;ennemi le 02 novembre 1918 \u00e0 Voncq (Ardennes)<\/p>\n<p>&nbsp;<\/p>\n<p>&nbsp;<\/p>\n<p>BOINE Joseph Maurice<a href=\"http:\/\/geneamedoc.fr\/wp-content\/uploads\/2017\/02\/Boine.png\"><img loading=\"lazy\" decoding=\"async\" class=\"size-full wp-image-512 alignleft\" src=\"http:\/\/geneamedoc.fr\/wp-content\/uploads\/2017\/02\/Boine.png\" alt=\"Boine\" width=\"144\" height=\"186\" \/><\/a><br \/>\nN\u00e9 le 08 mai 1888 \u00e0 Bordeaux (Gironde)<br \/>\nSoldat au 18\u00e8 R\u00e9giment d&rsquo;Infanterie<br \/>\nTu\u00e9 \u00e0 l&rsquo;ennemi le 23 ao\u00fbt 1914 \u00e0 Marbaix (Belgique)<\/p>\n<p>&nbsp;<\/p>\n<p>&nbsp;<\/p>\n<p>BOISSERIE Fernand<a href=\"http:\/\/geneamedoc.fr\/wp-content\/uploads\/2017\/02\/boisserie.png\"><img loading=\"lazy\" decoding=\"async\" class=\" wp-image-513 alignleft\" src=\"http:\/\/geneamedoc.fr\/wp-content\/uploads\/2017\/02\/boisserie.png\" alt=\"boisserie\" width=\"142\" height=\"178\" \/><\/a><br \/>\nN\u00e9 le 21 mai 1895 \u00e0 Bergerac (Dordogne)<br \/>\nSoldat au 80\u00e8 R\u00e9giment d&rsquo;Infanterie<br \/>\nTu\u00e9 \u00e0 l&rsquo;ennemi le 31 mai 1915 \u00e0 Perthes-l\u00e8s-Hurlus (Marne)<\/p>\n<p>&nbsp;<\/p>\n<p>&nbsp;<\/p>\n<p>BONNAMI Georges L\u00e9on<a href=\"http:\/\/geneamedoc.fr\/wp-content\/uploads\/2017\/02\/bonnami.png\"><img loading=\"lazy\" decoding=\"async\" class=\" wp-image-514 alignleft\" src=\"http:\/\/geneamedoc.fr\/wp-content\/uploads\/2017\/02\/bonnami.png\" alt=\"bonnami\" width=\"148\" height=\"203\" \/><\/a><br \/>\nN\u00e9 le 12 avril 1896 \u00e0 Bordeaux (Gironde)<br \/>\nSoldat au 417\u00e8 R\u00e9giment d&rsquo;Infanterie<br \/>\nTu\u00e9 \u00e0 l&rsquo;ennemi le 24 ao\u00fbt 1916 \u00e0 Estr\u00e9es (Somme)<\/p>\n<p>&nbsp;<\/p>\n<p>&nbsp;<\/p>\n<p>&nbsp;<\/p>\n<p>DEGANS Raymond<a href=\"http:\/\/geneamedoc.fr\/wp-content\/uploads\/2017\/02\/degans.png\"><img loading=\"lazy\" decoding=\"async\" class=\"size-full wp-image-516 alignleft\" src=\"http:\/\/geneamedoc.fr\/wp-content\/uploads\/2017\/02\/degans.png\" alt=\"degans\" width=\"175\" height=\"217\" \/><\/a><br \/>\nN\u00e9 le 14 avril 1895 \u00e0 M\u00e9rignac (Gironde)<br \/>\nSoldat au 67\u00e8 R\u00e9giment d&rsquo;Infanterie<br \/>\nTu\u00e9 \u00e0 l&rsquo;ennemi le 25 juillet 1918 \u00e0 Villemontoire (Aisne)<\/p>\n<p>&nbsp;<\/p>\n<p>&nbsp;<\/p>\n<p>&nbsp;<\/p>\n<p>FORGUE Jean Marcel<a href=\"http:\/\/geneamedoc.fr\/wp-content\/uploads\/2017\/02\/forgues.png\"><img loading=\"lazy\" decoding=\"async\" class=\"size-full wp-image-517 alignleft\" src=\"http:\/\/geneamedoc.fr\/wp-content\/uploads\/2017\/02\/forgues.png\" alt=\"forgues\" width=\"155\" height=\"203\" \/><\/a><br \/>\nN\u00e9 le 29 mars 1889 \u00e0 Bordeaux (Gironde)<br \/>\nSoldat au 7\u00e8 R\u00e9giment Infanterie Coloniale<br \/>\nTu\u00e9 \u00e0 l&rsquo;ennemi le 12 ao\u00fbt 1917 \u00e0 Hurtebise (Aisne)<\/p>\n<p>&nbsp;<\/p>\n<p>&nbsp;<\/p>\n<p>&nbsp;<\/p>\n<p>GROCQ Pierre<a href=\"http:\/\/geneamedoc.fr\/wp-content\/uploads\/2017\/02\/grocq.png\"><img loading=\"lazy\" decoding=\"async\" class=\"size-full wp-image-518 alignleft\" src=\"http:\/\/geneamedoc.fr\/wp-content\/uploads\/2017\/02\/grocq.png\" alt=\"grocq\" width=\"158\" height=\"190\" \/><\/a><br \/>\nN\u00e9 le 16 f\u00e9vrier 1895 \u00e0 Paillet (Gironde)<br \/>\nSoldat au 60\u00e8 R\u00e9giment d&rsquo;Infanterie<br \/>\nTu\u00e9 \u00e0 l&rsquo;ennemi le 13 septembre 1916 \u00e0 Bouchavesmes (Somme)<\/p>\n<p>&nbsp;<\/p>\n<p>&nbsp;<\/p>\n<p style=\"text-align: left;\">HERAUD Louis<a href=\"http:\/\/geneamedoc.fr\/wp-content\/uploads\/2017\/02\/heraud.png\"><img loading=\"lazy\" decoding=\"async\" class=\"size-full wp-image-519 alignleft\" src=\"http:\/\/geneamedoc.fr\/wp-content\/uploads\/2017\/02\/heraud.png\" alt=\"heraud\" width=\"152\" height=\"191\" \/><\/a><br \/>\nN\u00e9 le 1er mars 1894 \u00e0 Anglades (Gironde)<br \/>\nSoldat au 60\u00e8 R\u00e9giment d&rsquo;Infanterie<br \/>\nD\u00e9c\u00e9d\u00e9 de blessures de guerre le 24 f\u00e9vrier 1916 \u00e0 Samogneux (Meuse)<\/p>\n<p>&nbsp;<\/p>\n<p>&nbsp;<\/p>\n<p>JANIS Arthur Narcisse Henry<a href=\"http:\/\/geneamedoc.fr\/wp-content\/uploads\/2017\/02\/janis.png\"><img loading=\"lazy\" decoding=\"async\" class=\"size-full wp-image-520 alignleft\" src=\"http:\/\/geneamedoc.fr\/wp-content\/uploads\/2017\/02\/janis.png\" alt=\"janis\" width=\"160\" height=\"161\" srcset=\"https:\/\/geneamedoc.fr\/wp-content\/uploads\/2017\/02\/janis.png 160w, https:\/\/geneamedoc.fr\/wp-content\/uploads\/2017\/02\/janis-150x150.png 150w\" sizes=\"auto, (max-width: 160px) 100vw, 160px\" \/><\/a><br \/>\nN\u00e9 le 21 d\u00e9cembre 1891 \u00e0 Rochefort (Charente)<br \/>\nSoldat au 57\u00e8 R\u00e9giment d&rsquo;Infanterie<br \/>\nTu\u00e9 \u00e0 l&rsquo;ennemi le 23 ao\u00fbt 1914 \u00e0 Lobbes (Belgique)<\/p>\n<p>&nbsp;<\/p>\n<p>&nbsp;<\/p>\n<p>PUYBARAUD Pierre Andr\u00e9<a href=\"http:\/\/geneamedoc.fr\/wp-content\/uploads\/2017\/02\/puybarraud.png\"><img loading=\"lazy\" decoding=\"async\" class=\"size-full wp-image-521 alignleft\" src=\"http:\/\/geneamedoc.fr\/wp-content\/uploads\/2017\/02\/puybarraud.png\" alt=\"puybaraud\" width=\"150\" height=\"187\" \/><\/a><br \/>\nN\u00e9 le 11 ao\u00fbt 1897 \u00e0 Bordeaux (Gironde)<br \/>\nCaporal au 44\u00e8 Bataillon de Tirailleurs S\u00e9n\u00e9galais<br \/>\nTu\u00e9 \u00e0 l&rsquo;ennemi le 20 juillet 1918 \u00e0 Craonne (Aisne)<br \/>\nLieu dit \u00ab\u00a0Bois du Roi\u00a0\u00bb<\/p>\n<p>&nbsp;<\/p>\n<p>&nbsp;<\/p>\n<p>ROCHAT Gabriel<a href=\"http:\/\/geneamedoc.fr\/wp-content\/uploads\/2017\/02\/rochat.png\"><img loading=\"lazy\" decoding=\"async\" class=\"size-full wp-image-522 alignleft\" src=\"http:\/\/geneamedoc.fr\/wp-content\/uploads\/2017\/02\/rochat.png\" alt=\"rochat\" width=\"144\" height=\"189\" \/><\/a><br \/>\nN\u00e9 le 28 avril 1887 \u00e0 Bordeaux (Gironde)<br \/>\nSoldat au 20\u00e8 Escadron du Train des Equipages<br \/>\nD\u00e9c\u00e9d\u00e9 le 23 octobre 1918 \u00e0 l&rsquo;h\u00f4pital auxiliaire de Neufch\u00e2teau (Vosges)<\/p>\n<p>&nbsp;<\/p>\n<p>&nbsp;<\/p>\n<p>&nbsp;<\/p>\n<p>TISSEDRE Pierre Bernard<a href=\"http:\/\/geneamedoc.fr\/wp-content\/uploads\/2017\/02\/tissedre.png\"><img loading=\"lazy\" decoding=\"async\" class=\"size-full wp-image-523 alignleft\" src=\"http:\/\/geneamedoc.fr\/wp-content\/uploads\/2017\/02\/tissedre.png\" alt=\"tissedre\" width=\"163\" height=\"189\" \/><\/a><br \/>\nN\u00e9 le 10 f\u00e9vrier 1897 \u00e0 Bordeaux (Gironde)<br \/>\nSoldat au 35\u00e8 R\u00e9giment d&rsquo;Infanterie<br \/>\nTu\u00e9 \u00e0 l&rsquo;ennemi le 13 mars 1915 \u00e0 Soissons ( Aisne)<br \/>\nLieu dit \u00ab\u00a0Vingr\u00e9\u00a0\u00bb<\/p>\n<p>&nbsp;<\/p>\n<p>&nbsp;<\/p>\n<p>VERDUN Louis<a href=\"http:\/\/geneamedoc.fr\/wp-content\/uploads\/2017\/02\/verdun.png\"><img loading=\"lazy\" decoding=\"async\" class=\"size-full wp-image-524 alignleft\" src=\"http:\/\/geneamedoc.fr\/wp-content\/uploads\/2017\/02\/verdun.png\" alt=\"verdun\" width=\"149\" height=\"194\" \/><\/a><br \/>\nN\u00e9 le 23 juillet 1882 \u00e0 Camblanes (Gironde)<br \/>\nSoldat au 1<sup>er<\/sup> R\u00e9giment d&rsquo;Infanterie Coloniale du Maroc<br \/>\nTu\u00e9 \u00e0 l&rsquo;ennemi le 07 septembre 1917 \u00e0 Aisy (Aisne)<br \/>\nLieu-dit \u00ab\u00a0Fort de la Malmaison\u00a0\u00bb<\/p>\n<p>&nbsp;<\/p>\n<p>&nbsp;<\/p>\n<p><a href=\"http:\/\/geneamedoc.fr\/wp-content\/uploads\/2017\/02\/memorial.png\"><img loading=\"lazy\" decoding=\"async\" class=\"size-full wp-image-525 aligncenter\" src=\"http:\/\/geneamedoc.fr\/wp-content\/uploads\/2017\/02\/memorial.png\" alt=\"memorial\" width=\"438\" height=\"316\" srcset=\"https:\/\/geneamedoc.fr\/wp-content\/uploads\/2017\/02\/memorial.png 438w, https:\/\/geneamedoc.fr\/wp-content\/uploads\/2017\/02\/memorial-300x216.png 300w\" sizes=\"auto, (max-width: 438px) 100vw, 438px\" \/><\/a><br \/>\nIn Memorum : \u00ab\u00a0Rien n&rsquo;est plus vivant qu&rsquo;un souvenir\u00a0\u00bb, Federico Garcia Lorca<\/p>\n","protected":false},"excerpt":{"rendered":"<p>LE CAVEAU-MONUMENT DES 231 SOLDATS RESTITUES DE LA GUERRE 14-18 Auteur: Serge Michel DUMARTIN En collaboration avec Bernard LABARBE pour l&rsquo;identification des soldats HISTORIQUE En ce d\u00e9but du XXe si\u00e8cle, la ville de BORDEAUX consid\u00e9rant que le cimeti\u00e8re de la &hellip; <a href=\"https:\/\/geneamedoc.fr\/?p=495\">Continuer la lecture <span class=\"meta-nav\">&rarr;<\/span><\/a><\/p>\n","protected":false},"author":1,"featured_media":0,"comment_status":"open","ping_status":"open","sticky":false,"template":"","format":"standard","meta":{"footnotes":""},"categories":[1],"tags":[],"class_list":["post-495","post","type-post","status-publish","format-standard","hentry","category-non-classe"],"_links":{"self":[{"href":"https:\/\/geneamedoc.fr\/index.php?rest_route=\/wp\/v2\/posts\/495","targetHints":{"allow":["GET"]}}],"collection":[{"href":"https:\/\/geneamedoc.fr\/index.php?rest_route=\/wp\/v2\/posts"}],"about":[{"href":"https:\/\/geneamedoc.fr\/index.php?rest_route=\/wp\/v2\/types\/post"}],"author":[{"embeddable":true,"href":"https:\/\/geneamedoc.fr\/index.php?rest_route=\/wp\/v2\/users\/1"}],"replies":[{"embeddable":true,"href":"https:\/\/geneamedoc.fr\/index.php?rest_route=%2Fwp%2Fv2%2Fcomments&post=495"}],"version-history":[{"count":5,"href":"https:\/\/geneamedoc.fr\/index.php?rest_route=\/wp\/v2\/posts\/495\/revisions"}],"predecessor-version":[{"id":526,"href":"https:\/\/geneamedoc.fr\/index.php?rest_route=\/wp\/v2\/posts\/495\/revisions\/526"}],"wp:attachment":[{"href":"https:\/\/geneamedoc.fr\/index.php?rest_route=%2Fwp%2Fv2%2Fmedia&parent=495"}],"wp:term":[{"taxonomy":"category","embeddable":true,"href":"https:\/\/geneamedoc.fr\/index.php?rest_route=%2Fwp%2Fv2%2Fcategories&post=495"},{"taxonomy":"post_tag","embeddable":true,"href":"https:\/\/geneamedoc.fr\/index.php?rest_route=%2Fwp%2Fv2%2Ftags&post=495"}],"curies":[{"name":"wp","href":"https:\/\/api.w.org\/{rel}","templated":true}]}}