{"id":436,"date":"2017-02-07T06:51:50","date_gmt":"2017-02-07T06:51:50","guid":{"rendered":"http:\/\/geneamedoc.fr\/?p=436"},"modified":"2017-02-07T06:51:50","modified_gmt":"2017-02-07T06:51:50","slug":"reunion-du-6-fevrier-2017","status":"publish","type":"post","link":"https:\/\/geneamedoc.fr\/?p=436","title":{"rendered":"R\u00e9union du 6 f\u00e9vrier 2017"},"content":{"rendered":"<p style=\"text-align: justify;\"><strong>\u00a0\u00a0\u00a0\u00a0\u00a0\u00a0\u00a0 <\/strong>Apr\u00e8s avoir pass\u00e9 en revue les sujets ayant marqu\u00e9 le mois \u00e9coul\u00e9 ( r\u00e9union du 28 f\u00e9vrier \u00e0 l\u2019Ath\u00e9n\u00e9e de Bordeaux, g\u00e9n\u00e9alogie de la famille Borie de Ducru-Beaucaillou, sujets \u00e0 traiter pour l\u2019expo sur la guerre 14\/18\u2026\u2026\u2026\u2026) notre pr\u00e9sident passe la parole \u00e0 notre tout nouveau \u00e9ditorialiste Serge Dumartin qui, dans un expos\u00e9 remarquable de pr\u00e9cision et de d\u00e9tails, nous expose l\u2019histoire du m\u00e9morial La Fayette du Verdon dont l\u2019article vous sera livr\u00e9 en int\u00e9gralit\u00e9 sur notre site. Une bien belle histoire qui nous rappellera que l\u2019amiti\u00e9 de nos deux nations franco-am\u00e9ricaines se doit de passer au-del\u00e0 de certaines passions n\u00e9gatives actuelles et rester dans nos m\u00e9moires pour l\u2019\u00e9ternit\u00e9. Nous nous s\u00e9parerons en nous donnant rendez-vous le 13 mars pour d\u2019autres aventures.<\/p>\n","protected":false},"excerpt":{"rendered":"<p>\u00a0\u00a0\u00a0\u00a0\u00a0\u00a0\u00a0 Apr\u00e8s avoir pass\u00e9 en revue les sujets ayant marqu\u00e9 le mois \u00e9coul\u00e9 ( r\u00e9union du 28 f\u00e9vrier \u00e0 l\u2019Ath\u00e9n\u00e9e de Bordeaux, g\u00e9n\u00e9alogie de la famille Borie de Ducru-Beaucaillou, sujets \u00e0 traiter pour l\u2019expo sur la guerre 14\/18\u2026\u2026\u2026\u2026) notre pr\u00e9sident &hellip; <a href=\"https:\/\/geneamedoc.fr\/?p=436\">Continuer la lecture <span class=\"meta-nav\">&rarr;<\/span><\/a><\/p>\n","protected":false},"author":1,"featured_media":0,"comment_status":"open","ping_status":"open","sticky":false,"template":"","format":"standard","meta":{"footnotes":""},"categories":[3],"tags":[],"class_list":["post-436","post","type-post","status-publish","format-standard","hentry","category-comptes-rendus-tables-rondes"],"_links":{"self":[{"href":"https:\/\/geneamedoc.fr\/index.php?rest_route=\/wp\/v2\/posts\/436","targetHints":{"allow":["GET"]}}],"collection":[{"href":"https:\/\/geneamedoc.fr\/index.php?rest_route=\/wp\/v2\/posts"}],"about":[{"href":"https:\/\/geneamedoc.fr\/index.php?rest_route=\/wp\/v2\/types\/post"}],"author":[{"embeddable":true,"href":"https:\/\/geneamedoc.fr\/index.php?rest_route=\/wp\/v2\/users\/1"}],"replies":[{"embeddable":true,"href":"https:\/\/geneamedoc.fr\/index.php?rest_route=%2Fwp%2Fv2%2Fcomments&post=436"}],"version-history":[{"count":1,"href":"https:\/\/geneamedoc.fr\/index.php?rest_route=\/wp\/v2\/posts\/436\/revisions"}],"predecessor-version":[{"id":437,"href":"https:\/\/geneamedoc.fr\/index.php?rest_route=\/wp\/v2\/posts\/436\/revisions\/437"}],"wp:attachment":[{"href":"https:\/\/geneamedoc.fr\/index.php?rest_route=%2Fwp%2Fv2%2Fmedia&parent=436"}],"wp:term":[{"taxonomy":"category","embeddable":true,"href":"https:\/\/geneamedoc.fr\/index.php?rest_route=%2Fwp%2Fv2%2Fcategories&post=436"},{"taxonomy":"post_tag","embeddable":true,"href":"https:\/\/geneamedoc.fr\/index.php?rest_route=%2Fwp%2Fv2%2Ftags&post=436"}],"curies":[{"name":"wp","href":"https:\/\/api.w.org\/{rel}","templated":true}]}}