{"id":433,"date":"2017-01-12T21:58:33","date_gmt":"2017-01-12T21:58:33","guid":{"rendered":"http:\/\/geneamedoc.fr\/?p=433"},"modified":"2017-02-07T06:57:06","modified_gmt":"2017-02-07T06:57:06","slug":"assemblee-generale-du-9-janvier-2017","status":"publish","type":"post","link":"https:\/\/geneamedoc.fr\/?p=433","title":{"rendered":"Assembl\u00e9e G\u00e9n\u00e9rale du 9 janvier 2017"},"content":{"rendered":"<p style=\"text-align: justify;\">Nous avons attaqu\u00e9 l\u2019ann\u00e9e 2017 par une s\u00e9ance de renouvellement du bureau et proc\u00e9d\u00e9 \u00e0 un vote \u00e0 main lev\u00e9e. Le quorum \u00e9tant largement atteint (28 sur 30 adh\u00e9rents), la nomination des nouveaux membres (\u00e9lus \u00e0 l\u2019unanimit\u00e9) s\u2019\u00e9tablit comme suit\u00a0:<\/p>\n<p>Pr\u00e9sident\u00a0: \u00a0\u00a0\u00a0\u00a0\u00a0\u00a0\u00a0\u00a0\u00a0\u00a0\u00a0\u00a0\u00a0\u00a0\u00a0\u00a0\u00a0\u00a0\u00a0\u00a0\u00a0\u00a0\u00a0\u00a0\u00a0\u00a0\u00a0 Jean-Daniel Birebont<\/p>\n<p>Vice-Pr\u00e9sident\u00a0: \u00a0\u00a0\u00a0\u00a0\u00a0\u00a0\u00a0\u00a0\u00a0\u00a0\u00a0\u00a0\u00a0\u00a0\u00a0\u00a0\u00a0\u00a0\u00a0\u00a0 Jean-Claude Gaillard<\/p>\n<p>Tr\u00e9sori\u00e8re\u00a0:\u00a0\u00a0\u00a0\u00a0\u00a0\u00a0\u00a0\u00a0\u00a0\u00a0\u00a0\u00a0\u00a0\u00a0\u00a0\u00a0\u00a0\u00a0\u00a0\u00a0\u00a0\u00a0\u00a0\u00a0\u00a0\u00a0\u00a0 Mariannick Lafiteau<\/p>\n<p>Tr\u00e9sorier adjoint\u00a0: \u00a0\u00a0\u00a0\u00a0\u00a0\u00a0\u00a0\u00a0\u00a0\u00a0\u00a0\u00a0\u00a0\u00a0\u00a0 Dominique Schumacher<\/p>\n<p>Secr\u00e9taire\u00a0:\u00a0\u00a0\u00a0\u00a0\u00a0\u00a0\u00a0\u00a0\u00a0\u00a0\u00a0\u00a0\u00a0\u00a0\u00a0\u00a0\u00a0\u00a0\u00a0\u00a0\u00a0\u00a0\u00a0\u00a0\u00a0\u00a0\u00a0 Marianne S\u00e9\u00eft\u00e9<\/p>\n<p>Secr\u00e9taire adjointe\u00a0:\u00a0\u00a0\u00a0\u00a0\u00a0\u00a0\u00a0\u00a0\u00a0\u00a0\u00a0\u00a0\u00a0 Marie-Christine Fau<\/p>\n<p>Commissaires aux comptes\u00a0: Annie Bessonnet et Gis\u00e8le Douat<\/p>\n<p>Editorialistes : Jean-Pierre Arnaud et Serge Dumartin<\/p>\n<p>&nbsp;<\/p>\n<p style=\"text-align: justify;\">C\u2019est avec un petit pincement au c\u0153ur que notre ami Jean-Pierre a pris sa retraite apr\u00e8s 11 ann\u00e9es pass\u00e9es au poste de Secr\u00e9taire. Le titre honorifique (mais un peu d\u00e9suet) de \u00a0\u00ab\u00a0Ci-devant Secr\u00e9taire\u00a0\u00bb lui a \u00e9t\u00e9 attribu\u00e9. (Enfin, disons que JP. A se l\u2019est attribu\u00e9.)<\/p>\n<p style=\"text-align: justify;\">Le Pr\u00e9sident a ensuite offert un petit verre de l\u2019amiti\u00e9 accompagn\u00e9 d\u2019excellentes tarte frangipanes de notre expert p\u00e2tissier Mr Besson \u00e0 tous les participants, remerci\u00e9 Jean-Pierre pour l\u2019excellence du travail fourni dans le bureau directeur, souhait\u00e9 la bienvenue et bonne chance \u00e0 Marianne et Marie-Christine.<\/p>\n<p style=\"text-align: justify;\">Un petit cadeau de G\u00e9n\u00e9am\u00e9doc ainsi qu\u2019un beuvrage m\u00e9docain offert par le Pr\u00e9sident \u00e0 notre \u00ab\u00a0Ci-devant Secr\u00e9taire\u00a0\u00bb ont cl\u00f4tur\u00e9 cette sympathique soir\u00e9e et notre groupe s\u2019est ensuite empress\u00e9 de rejoindre ses p\u00e9nates, bien au chaud, dans le cocon familial.<\/p>\n","protected":false},"excerpt":{"rendered":"<p>Nous avons attaqu\u00e9 l\u2019ann\u00e9e 2017 par une s\u00e9ance de renouvellement du bureau et proc\u00e9d\u00e9 \u00e0 un vote \u00e0 main lev\u00e9e. Le quorum \u00e9tant largement atteint (28 sur 30 adh\u00e9rents), la nomination des nouveaux membres (\u00e9lus \u00e0 l\u2019unanimit\u00e9) s\u2019\u00e9tablit comme suit\u00a0: &hellip; <a href=\"https:\/\/geneamedoc.fr\/?p=433\">Continuer la lecture <span class=\"meta-nav\">&rarr;<\/span><\/a><\/p>\n","protected":false},"author":1,"featured_media":0,"comment_status":"open","ping_status":"open","sticky":false,"template":"","format":"standard","meta":{"footnotes":""},"categories":[3],"tags":[],"class_list":["post-433","post","type-post","status-publish","format-standard","hentry","category-comptes-rendus-tables-rondes"],"_links":{"self":[{"href":"https:\/\/geneamedoc.fr\/index.php?rest_route=\/wp\/v2\/posts\/433","targetHints":{"allow":["GET"]}}],"collection":[{"href":"https:\/\/geneamedoc.fr\/index.php?rest_route=\/wp\/v2\/posts"}],"about":[{"href":"https:\/\/geneamedoc.fr\/index.php?rest_route=\/wp\/v2\/types\/post"}],"author":[{"embeddable":true,"href":"https:\/\/geneamedoc.fr\/index.php?rest_route=\/wp\/v2\/users\/1"}],"replies":[{"embeddable":true,"href":"https:\/\/geneamedoc.fr\/index.php?rest_route=%2Fwp%2Fv2%2Fcomments&post=433"}],"version-history":[{"count":2,"href":"https:\/\/geneamedoc.fr\/index.php?rest_route=\/wp\/v2\/posts\/433\/revisions"}],"predecessor-version":[{"id":438,"href":"https:\/\/geneamedoc.fr\/index.php?rest_route=\/wp\/v2\/posts\/433\/revisions\/438"}],"wp:attachment":[{"href":"https:\/\/geneamedoc.fr\/index.php?rest_route=%2Fwp%2Fv2%2Fmedia&parent=433"}],"wp:term":[{"taxonomy":"category","embeddable":true,"href":"https:\/\/geneamedoc.fr\/index.php?rest_route=%2Fwp%2Fv2%2Fcategories&post=433"},{"taxonomy":"post_tag","embeddable":true,"href":"https:\/\/geneamedoc.fr\/index.php?rest_route=%2Fwp%2Fv2%2Ftags&post=433"}],"curies":[{"name":"wp","href":"https:\/\/api.w.org\/{rel}","templated":true}]}}