{"id":404,"date":"2016-11-28T18:44:12","date_gmt":"2016-11-28T18:44:12","guid":{"rendered":"http:\/\/geneamedoc.fr\/?p=404"},"modified":"2016-11-28T18:50:15","modified_gmt":"2016-11-28T18:50:15","slug":"marche-de-noel-du-26-et-27-novembre-2016","status":"publish","type":"post","link":"https:\/\/geneamedoc.fr\/?p=404","title":{"rendered":"March\u00e9 de No\u00ebl du 26 et 27 novembre 2016"},"content":{"rendered":"<p style=\"text-align: justify;\">Encore cette ann\u00e9e, notre club de g\u00e9n\u00e9alogie a particip\u00e9 \u00e0 la f\u00eate dite du \u00ab\u00a0march\u00e9 de No\u00ebl\u00a0\u00bb qui s\u2019est d\u00e9roul\u00e9e sur 2 jours. Une quarantaine d\u2019exposants sont venus pr\u00e9senter pour la plupart, des objets faits de leurs propres mains avec beaucoup de dext\u00e9rit\u00e9 et de qualit\u00e9 d\u2019ex\u00e9cution. De tr\u00e8s nombreux visiteurs souvent accompagn\u00e9s de leurs enfants ont visit\u00e9 les stands mais le march\u00e9 du dimanche et les \u00e9lections \u00ab\u00a0primaire de la droite\u00a0\u00bb ont grandement particip\u00e9 \u00e0 augmenter la participation des curieux et acheteurs. Notre stand fut une nouvelle fois un peu ignor\u00e9 malgr\u00e9 le fait que nous proposions gratuitement de dispenser une initiation de formation \u00e0 la g\u00e9n\u00e9alogie en 3 s\u00e9ances de vulgarisation. Dommage, mais nous avons quand m\u00eame une potentielle adh\u00e9sion nouvelle pour notre saison 2016\/2017 qui d\u00e9marre. On se console comme on peut\u2026<\/p>\n<p style=\"text-align: justify;\"><a href=\"http:\/\/geneamedoc.fr\/wp-content\/uploads\/2016\/11\/marche-de-noel.jpg\"><img loading=\"lazy\" decoding=\"async\" class=\"aligncenter size-full wp-image-407\" src=\"http:\/\/geneamedoc.fr\/wp-content\/uploads\/2016\/11\/marche-de-noel.jpg\" alt=\"marche-de-noel\" width=\"556\" height=\"370\" srcset=\"https:\/\/geneamedoc.fr\/wp-content\/uploads\/2016\/11\/marche-de-noel.jpg 556w, https:\/\/geneamedoc.fr\/wp-content\/uploads\/2016\/11\/marche-de-noel-300x200.jpg 300w\" sizes=\"auto, (max-width: 556px) 100vw, 556px\" \/><\/a><\/p>\n","protected":false},"excerpt":{"rendered":"<p>Encore cette ann\u00e9e, notre club de g\u00e9n\u00e9alogie a particip\u00e9 \u00e0 la f\u00eate dite du \u00ab\u00a0march\u00e9 de No\u00ebl\u00a0\u00bb qui s\u2019est d\u00e9roul\u00e9e sur 2 jours. Une quarantaine d\u2019exposants sont venus pr\u00e9senter pour la plupart, des objets faits de leurs propres mains avec &hellip; <a href=\"https:\/\/geneamedoc.fr\/?p=404\">Continuer la lecture <span class=\"meta-nav\">&rarr;<\/span><\/a><\/p>\n","protected":false},"author":1,"featured_media":0,"comment_status":"open","ping_status":"open","sticky":false,"template":"","format":"standard","meta":{"footnotes":""},"categories":[1],"tags":[],"class_list":["post-404","post","type-post","status-publish","format-standard","hentry","category-non-classe"],"_links":{"self":[{"href":"https:\/\/geneamedoc.fr\/index.php?rest_route=\/wp\/v2\/posts\/404","targetHints":{"allow":["GET"]}}],"collection":[{"href":"https:\/\/geneamedoc.fr\/index.php?rest_route=\/wp\/v2\/posts"}],"about":[{"href":"https:\/\/geneamedoc.fr\/index.php?rest_route=\/wp\/v2\/types\/post"}],"author":[{"embeddable":true,"href":"https:\/\/geneamedoc.fr\/index.php?rest_route=\/wp\/v2\/users\/1"}],"replies":[{"embeddable":true,"href":"https:\/\/geneamedoc.fr\/index.php?rest_route=%2Fwp%2Fv2%2Fcomments&post=404"}],"version-history":[{"count":3,"href":"https:\/\/geneamedoc.fr\/index.php?rest_route=\/wp\/v2\/posts\/404\/revisions"}],"predecessor-version":[{"id":408,"href":"https:\/\/geneamedoc.fr\/index.php?rest_route=\/wp\/v2\/posts\/404\/revisions\/408"}],"wp:attachment":[{"href":"https:\/\/geneamedoc.fr\/index.php?rest_route=%2Fwp%2Fv2%2Fmedia&parent=404"}],"wp:term":[{"taxonomy":"category","embeddable":true,"href":"https:\/\/geneamedoc.fr\/index.php?rest_route=%2Fwp%2Fv2%2Fcategories&post=404"},{"taxonomy":"post_tag","embeddable":true,"href":"https:\/\/geneamedoc.fr\/index.php?rest_route=%2Fwp%2Fv2%2Ftags&post=404"}],"curies":[{"name":"wp","href":"https:\/\/api.w.org\/{rel}","templated":true}]}}