{"id":386,"date":"2016-09-13T17:06:44","date_gmt":"2016-09-13T17:06:44","guid":{"rendered":"http:\/\/geneamedoc.fr\/?p=386"},"modified":"2016-09-13T17:06:44","modified_gmt":"2016-09-13T17:06:44","slug":"journee-des-associations-du-03-septembre-2016","status":"publish","type":"post","link":"https:\/\/geneamedoc.fr\/?p=386","title":{"rendered":"Journ\u00e9e des associations du 03 septembre 2016"},"content":{"rendered":"<p style=\"text-align: justify;\"><strong>\u00a0\u00a0\u00a0\u00a0\u00a0\u00a0\u00a0 <\/strong>Notre section de g\u00e9n\u00e9alogie se devait d\u2019\u00eatre pr\u00e9sente \u00e0 cette journ\u00e9e regroupant la cinquantaine d\u2019associations castelnaudaises. Comme tous les ans, la fr\u00e9quentation de notre stand a connu un succ\u00e8s mitig\u00e9 lorsqu\u2019on le compare avec la foule qui se pr\u00e9cipitait au niveau de celui de la \u00ab\u00a0Scapa\u00a0\u00bb. Le beau temps et le soleil \u00e9tant de la partie, la f\u00eate fut tr\u00e8s r\u00e9ussie, beaucoup de visiteurs, de nombreux enfants qui purent s\u2019essayer \u00e0 diff\u00e9rents sports, du folklore et des d\u00e9monstrations d\u2019arts martiaux \u00e0 tous les coins du terrain de jeu. Nous avons quand m\u00eame pu avaliser 2 inscriptions potentielles pour le mois d\u2019octobre. Je tiens \u00e0 remercier Marie-Christine, Mariannick, Jean-Pierre, Agn\u00e8s, Myriam, mon fid\u00e8le aide de camp Jean-Claude, pour leur pr\u00e9sence \u00e0 mes c\u00f4t\u00e9s.<\/p>\n<p style=\"text-align: justify;\">Vite la rentr\u00e9e d\u2019octobre pour nous remettre tous au \u00ab\u00a0turbin\u00a0\u00bb et peaufiner les recherches que nous n\u2019aurons pas manqu\u00e9 de d\u00e9nicher durant ces 3 mois d\u2019interruption.<\/p>\n<p style=\"text-align: justify;\">\u00a0<a href=\"http:\/\/geneamedoc.fr\/wp-content\/uploads\/2016\/09\/3-septembre-2016-1.jpg\"><img loading=\"lazy\" decoding=\"async\" class=\"size-full wp-image-388 aligncenter\" src=\"http:\/\/geneamedoc.fr\/wp-content\/uploads\/2016\/09\/3-septembre-2016-1.jpg\" alt=\"3-septembre-2016\" width=\"609\" height=\"420\" srcset=\"https:\/\/geneamedoc.fr\/wp-content\/uploads\/2016\/09\/3-septembre-2016-1.jpg 609w, https:\/\/geneamedoc.fr\/wp-content\/uploads\/2016\/09\/3-septembre-2016-1-300x207.jpg 300w\" sizes=\"auto, (max-width: 609px) 100vw, 609px\" \/><\/a><\/p>\n","protected":false},"excerpt":{"rendered":"<p>\u00a0\u00a0\u00a0\u00a0\u00a0\u00a0\u00a0 Notre section de g\u00e9n\u00e9alogie se devait d\u2019\u00eatre pr\u00e9sente \u00e0 cette journ\u00e9e regroupant la cinquantaine d\u2019associations castelnaudaises. Comme tous les ans, la fr\u00e9quentation de notre stand a connu un succ\u00e8s mitig\u00e9 lorsqu\u2019on le compare avec la foule qui se pr\u00e9cipitait &hellip; <a href=\"https:\/\/geneamedoc.fr\/?p=386\">Continuer la lecture <span class=\"meta-nav\">&rarr;<\/span><\/a><\/p>\n","protected":false},"author":1,"featured_media":0,"comment_status":"open","ping_status":"open","sticky":false,"template":"","format":"standard","meta":{"footnotes":""},"categories":[2],"tags":[],"class_list":["post-386","post","type-post","status-publish","format-standard","hentry","category-activites"],"_links":{"self":[{"href":"https:\/\/geneamedoc.fr\/index.php?rest_route=\/wp\/v2\/posts\/386","targetHints":{"allow":["GET"]}}],"collection":[{"href":"https:\/\/geneamedoc.fr\/index.php?rest_route=\/wp\/v2\/posts"}],"about":[{"href":"https:\/\/geneamedoc.fr\/index.php?rest_route=\/wp\/v2\/types\/post"}],"author":[{"embeddable":true,"href":"https:\/\/geneamedoc.fr\/index.php?rest_route=\/wp\/v2\/users\/1"}],"replies":[{"embeddable":true,"href":"https:\/\/geneamedoc.fr\/index.php?rest_route=%2Fwp%2Fv2%2Fcomments&post=386"}],"version-history":[{"count":1,"href":"https:\/\/geneamedoc.fr\/index.php?rest_route=\/wp\/v2\/posts\/386\/revisions"}],"predecessor-version":[{"id":389,"href":"https:\/\/geneamedoc.fr\/index.php?rest_route=\/wp\/v2\/posts\/386\/revisions\/389"}],"wp:attachment":[{"href":"https:\/\/geneamedoc.fr\/index.php?rest_route=%2Fwp%2Fv2%2Fmedia&parent=386"}],"wp:term":[{"taxonomy":"category","embeddable":true,"href":"https:\/\/geneamedoc.fr\/index.php?rest_route=%2Fwp%2Fv2%2Fcategories&post=386"},{"taxonomy":"post_tag","embeddable":true,"href":"https:\/\/geneamedoc.fr\/index.php?rest_route=%2Fwp%2Fv2%2Ftags&post=386"}],"curies":[{"name":"wp","href":"https:\/\/api.w.org\/{rel}","templated":true}]}}