{"id":286,"date":"2015-09-25T18:25:30","date_gmt":"2015-09-25T18:25:30","guid":{"rendered":"http:\/\/geneamedoc.fr\/?p=286"},"modified":"2015-09-27T18:52:09","modified_gmt":"2015-09-27T18:52:09","slug":"journee-des-associations-le-5-septembre-2015","status":"publish","type":"post","link":"https:\/\/geneamedoc.fr\/?p=286","title":{"rendered":"Journ\u00e9e des Associations le 5 septembre 2015"},"content":{"rendered":"<p style=\"text-align: justify;\">Notre bureau \u00e9tait bien repr\u00e9sent\u00e9 et tr\u00e8s studieux en cette journ\u00e9e ensoleill\u00e9e. Peu de visiteurs durant cette manifestation mais deux nouvelles inscriptions au club ont \u00e9t\u00e9 enregistr\u00e9es pour cette nouvelle ann\u00e9e 2015\/2016. Rentr\u00e9e pr\u00e9vue \u00e0 20h00 le 5 octobre dans la nouvelle salle n\u00b0 9. Venez nombreux.<\/p>\n<p style=\"text-align: justify;\">\u00a0<a href=\"http:\/\/geneamedoc.fr\/wp-content\/uploads\/2015\/09\/19-S.jpg\"><img loading=\"lazy\" decoding=\"async\" class=\"wp-image-288\" src=\"http:\/\/geneamedoc.fr\/wp-content\/uploads\/2015\/09\/19-S.jpg\" alt=\"19 S\" width=\"180\" height=\"171\" srcset=\"https:\/\/geneamedoc.fr\/wp-content\/uploads\/2015\/09\/19-S.jpg 2506w, https:\/\/geneamedoc.fr\/wp-content\/uploads\/2015\/09\/19-S-300x283.jpg 300w, https:\/\/geneamedoc.fr\/wp-content\/uploads\/2015\/09\/19-S-1024x968.jpg 1024w\" sizes=\"auto, (max-width: 180px) 100vw, 180px\" \/><\/a>\u00a0\u00a0\u00a0\u00a0\u00a0\u00a0\u00a0\u00a0\u00a0\u00a0\u00a0\u00a0\u00a0\u00a0\u00a0\u00a0\u00a0 <a href=\"http:\/\/geneamedoc.fr\/wp-content\/uploads\/2015\/09\/20-S.jpg\"><img loading=\"lazy\" decoding=\"async\" class=\"wp-image-289 alignnone\" src=\"http:\/\/geneamedoc.fr\/wp-content\/uploads\/2015\/09\/20-S.jpg\" alt=\"20 S\" width=\"189\" height=\"166\" srcset=\"https:\/\/geneamedoc.fr\/wp-content\/uploads\/2015\/09\/20-S.jpg 3132w, https:\/\/geneamedoc.fr\/wp-content\/uploads\/2015\/09\/20-S-300x262.jpg 300w, https:\/\/geneamedoc.fr\/wp-content\/uploads\/2015\/09\/20-S-1024x895.jpg 1024w\" sizes=\"auto, (max-width: 189px) 100vw, 189px\" \/><br \/>\n<\/a><\/p>\n<p>photos r\u00e9alis\u00e9s\u00a0par Jean Bottaro<\/p>\n<p>&nbsp;<\/p>\n<p>&nbsp;<\/p>\n","protected":false},"excerpt":{"rendered":"<p>Notre bureau \u00e9tait bien repr\u00e9sent\u00e9 et tr\u00e8s studieux en cette journ\u00e9e ensoleill\u00e9e. Peu de visiteurs durant cette manifestation mais deux nouvelles inscriptions au club ont \u00e9t\u00e9 enregistr\u00e9es pour cette nouvelle ann\u00e9e 2015\/2016. Rentr\u00e9e pr\u00e9vue \u00e0 20h00 le 5 octobre dans &hellip; <a href=\"https:\/\/geneamedoc.fr\/?p=286\">Continuer la lecture <span class=\"meta-nav\">&rarr;<\/span><\/a><\/p>\n","protected":false},"author":1,"featured_media":0,"comment_status":"open","ping_status":"open","sticky":false,"template":"","format":"standard","meta":{"footnotes":""},"categories":[2],"tags":[],"class_list":["post-286","post","type-post","status-publish","format-standard","hentry","category-activites"],"_links":{"self":[{"href":"https:\/\/geneamedoc.fr\/index.php?rest_route=\/wp\/v2\/posts\/286","targetHints":{"allow":["GET"]}}],"collection":[{"href":"https:\/\/geneamedoc.fr\/index.php?rest_route=\/wp\/v2\/posts"}],"about":[{"href":"https:\/\/geneamedoc.fr\/index.php?rest_route=\/wp\/v2\/types\/post"}],"author":[{"embeddable":true,"href":"https:\/\/geneamedoc.fr\/index.php?rest_route=\/wp\/v2\/users\/1"}],"replies":[{"embeddable":true,"href":"https:\/\/geneamedoc.fr\/index.php?rest_route=%2Fwp%2Fv2%2Fcomments&post=286"}],"version-history":[{"count":5,"href":"https:\/\/geneamedoc.fr\/index.php?rest_route=\/wp\/v2\/posts\/286\/revisions"}],"predecessor-version":[{"id":293,"href":"https:\/\/geneamedoc.fr\/index.php?rest_route=\/wp\/v2\/posts\/286\/revisions\/293"}],"wp:attachment":[{"href":"https:\/\/geneamedoc.fr\/index.php?rest_route=%2Fwp%2Fv2%2Fmedia&parent=286"}],"wp:term":[{"taxonomy":"category","embeddable":true,"href":"https:\/\/geneamedoc.fr\/index.php?rest_route=%2Fwp%2Fv2%2Fcategories&post=286"},{"taxonomy":"post_tag","embeddable":true,"href":"https:\/\/geneamedoc.fr\/index.php?rest_route=%2Fwp%2Fv2%2Ftags&post=286"}],"curies":[{"name":"wp","href":"https:\/\/api.w.org\/{rel}","templated":true}]}}