{"id":25,"date":"2013-05-24T18:17:24","date_gmt":"2013-05-24T16:17:24","guid":{"rendered":"http:\/\/geneamedoc.wordpress.com\/?p=25"},"modified":"2013-05-24T18:17:24","modified_gmt":"2013-05-24T16:17:24","slug":"sortie-culturelle-du-11-juin-2013","status":"publish","type":"post","link":"https:\/\/geneamedoc.fr\/?p=25","title":{"rendered":"Sortie culturelle du 11 juin 2013"},"content":{"rendered":"<p>Notre club organisera sa sortie culturelle annuelle\u00a0 le 11 juin 2013 pour une d\u00e9couverte du sud Gironde<\/p>\n<p>Visite de Bazas,\u00a0 cath\u00e9drale, remparts, maisons et h\u00f4tels particuliers\u00a0 , puis apr\u00e8s le repas pris sous les arcades de la place de la cath\u00e9drale , direction le ch\u00e2teau de Cazeneuve \u00e0 Pr\u00e9chac pour une visite guid\u00e9e et promenade dans les parc .<\/p>\n<p>Nous attendons avec impatience un rayon de soleil pour cette journ\u00e9e.<\/p>\n","protected":false},"excerpt":{"rendered":"<p>Notre club organisera sa sortie culturelle annuelle\u00a0 le 11 juin 2013 pour une d\u00e9couverte du sud Gironde Visite de Bazas,\u00a0 cath\u00e9drale, remparts, maisons et h\u00f4tels particuliers\u00a0 , puis apr\u00e8s le repas pris sous les arcades de la place de la &hellip; <a href=\"https:\/\/geneamedoc.fr\/?p=25\">Continuer la lecture <span class=\"meta-nav\">&rarr;<\/span><\/a><\/p>\n","protected":false},"author":1,"featured_media":0,"comment_status":"open","ping_status":"open","sticky":false,"template":"","format":"standard","meta":{"footnotes":""},"categories":[5],"tags":[8,9,13,14,15],"class_list":["post-25","post","type-post","status-publish","format-standard","hentry","category-les-rendez-vous","tag-forum","tag-genalogie","tag-gironde","tag-sorties","tag-visite"],"_links":{"self":[{"href":"https:\/\/geneamedoc.fr\/index.php?rest_route=\/wp\/v2\/posts\/25","targetHints":{"allow":["GET"]}}],"collection":[{"href":"https:\/\/geneamedoc.fr\/index.php?rest_route=\/wp\/v2\/posts"}],"about":[{"href":"https:\/\/geneamedoc.fr\/index.php?rest_route=\/wp\/v2\/types\/post"}],"author":[{"embeddable":true,"href":"https:\/\/geneamedoc.fr\/index.php?rest_route=\/wp\/v2\/users\/1"}],"replies":[{"embeddable":true,"href":"https:\/\/geneamedoc.fr\/index.php?rest_route=%2Fwp%2Fv2%2Fcomments&post=25"}],"version-history":[{"count":0,"href":"https:\/\/geneamedoc.fr\/index.php?rest_route=\/wp\/v2\/posts\/25\/revisions"}],"wp:attachment":[{"href":"https:\/\/geneamedoc.fr\/index.php?rest_route=%2Fwp%2Fv2%2Fmedia&parent=25"}],"wp:term":[{"taxonomy":"category","embeddable":true,"href":"https:\/\/geneamedoc.fr\/index.php?rest_route=%2Fwp%2Fv2%2Fcategories&post=25"},{"taxonomy":"post_tag","embeddable":true,"href":"https:\/\/geneamedoc.fr\/index.php?rest_route=%2Fwp%2Fv2%2Ftags&post=25"}],"curies":[{"name":"wp","href":"https:\/\/api.w.org\/{rel}","templated":true}]}}