{"id":146,"date":"2014-11-20T17:56:35","date_gmt":"2014-11-20T16:56:35","guid":{"rendered":"http:\/\/geneamedoc.wordpress.com\/?p=146"},"modified":"2015-05-27T05:09:56","modified_gmt":"2015-05-27T05:09:56","slug":"exposition-genealogique-a-brive-des-27-et-28-setembre-2014","status":"publish","type":"post","link":"https:\/\/geneamedoc.fr\/?p=146","title":{"rendered":"exposition g\u00e9n\u00e9alogique \u00e0 Brive  des 27 et 28 septembre 2014"},"content":{"rendered":"<p><a href=\"http:\/\/geneamedoc.fr\/wp-content\/uploads\/2014\/11\/p9282691bis.jpg\"><img loading=\"lazy\" decoding=\"async\" class=\" size-medium wp-image-147 aligncenter\" src=\"http:\/\/geneamedoc.fr\/wp-content\/uploads\/2014\/11\/p9282691bis.jpg?w=300\" alt=\"OLYMPUS DIGITAL CAMERA\" width=\"300\" height=\"281\" srcset=\"https:\/\/geneamedoc.fr\/wp-content\/uploads\/2014\/11\/p9282691bis.jpg 491w, https:\/\/geneamedoc.fr\/wp-content\/uploads\/2014\/11\/p9282691bis-300x282.jpg 300w\" sizes=\"auto, (max-width: 300px) 100vw, 300px\" \/><\/a><\/p>\n<p style=\"text-align: justify;\">Les 27 et 28 septembre 2014 \u00e0 Brive s&rsquo;est tenu le forum g\u00e9n\u00e9alogique qui a lieu tous les 2 ans . Cette ann\u00e9e encore notre club \u00e9tait pr\u00e9sent sur le Week End \u00e0 cette grande manifestation qui regroupe 120 associations g\u00e9n\u00e9alogiques, historiques, nationales et internationales , associations Belges, Suisses, Italiennes.\u00a0\u00a0\u00a0\u00a0\u00a0\u00a0\u00a0\u00a0\u00a0\u00a0\u00a0\u00a0\u00a0\u00a0\u00a0\u00a0\u00a0\u00a0\u00a0\u00a0\u00a0\u00a0\u00a0\u00a0\u00a0\u00a0\u00a0\u00a0\u00a0\u00a0\u00a0\u00a0\u00a0\u00a0\u00a0\u00a0\u00a0\u00a0\u00a0\u00a0\u00a0\u00a0\u00a0\u00a0\u00a0\u00a0\u00a0\u00a0\u00a0\u00a0\u00a0\u00a0\u00a0\u00a0\u00a0\u00a0\u00a0\u00a0\u00a0\u00a0\u00a0\u00a0 Les vendeurs de livres et cartes postales c\u00f4toient pal\u00e9ographes, \u00e9crivains. Notre clubs bien que modeste en nombre d&rsquo;adh\u00e9rents , assume pleinement son r\u00f4le de repr\u00e9sentant de notre commune et de notre canton lors de ces grands rassemblements nationaux o\u00f9 nous exposons notre travail, fruit de s\u00e9rieuses recherches .<\/p>\n<p><a href=\"http:\/\/geneamedoc.fr\/wp-content\/uploads\/2014\/11\/p9272685bis.jpg\"><img loading=\"lazy\" decoding=\"async\" class=\" size-medium wp-image-148 aligncenter\" src=\"http:\/\/geneamedoc.fr\/wp-content\/uploads\/2014\/11\/p9272685bis.jpg?w=300\" alt=\"OLYMPUS DIGITAL CAMERA\" width=\"300\" height=\"225\" srcset=\"https:\/\/geneamedoc.fr\/wp-content\/uploads\/2014\/11\/p9272685bis.jpg 445w, https:\/\/geneamedoc.fr\/wp-content\/uploads\/2014\/11\/p9272685bis-300x225.jpg 300w\" sizes=\"auto, (max-width: 300px) 100vw, 300px\" \/><\/a><\/p>\n","protected":false},"excerpt":{"rendered":"<p>Les 27 et 28 septembre 2014 \u00e0 Brive s&rsquo;est tenu le forum g\u00e9n\u00e9alogique qui a lieu tous les 2 ans . Cette ann\u00e9e encore notre club \u00e9tait pr\u00e9sent sur le Week End \u00e0 cette grande manifestation qui regroupe 120 associations &hellip; <a href=\"https:\/\/geneamedoc.fr\/?p=146\">Continuer la lecture <span class=\"meta-nav\">&rarr;<\/span><\/a><\/p>\n","protected":false},"author":1,"featured_media":0,"comment_status":"open","ping_status":"open","sticky":false,"template":"","format":"standard","meta":{"footnotes":""},"categories":[2],"tags":[],"class_list":["post-146","post","type-post","status-publish","format-standard","hentry","category-activites"],"_links":{"self":[{"href":"https:\/\/geneamedoc.fr\/index.php?rest_route=\/wp\/v2\/posts\/146","targetHints":{"allow":["GET"]}}],"collection":[{"href":"https:\/\/geneamedoc.fr\/index.php?rest_route=\/wp\/v2\/posts"}],"about":[{"href":"https:\/\/geneamedoc.fr\/index.php?rest_route=\/wp\/v2\/types\/post"}],"author":[{"embeddable":true,"href":"https:\/\/geneamedoc.fr\/index.php?rest_route=\/wp\/v2\/users\/1"}],"replies":[{"embeddable":true,"href":"https:\/\/geneamedoc.fr\/index.php?rest_route=%2Fwp%2Fv2%2Fcomments&post=146"}],"version-history":[{"count":2,"href":"https:\/\/geneamedoc.fr\/index.php?rest_route=\/wp\/v2\/posts\/146\/revisions"}],"predecessor-version":[{"id":260,"href":"https:\/\/geneamedoc.fr\/index.php?rest_route=\/wp\/v2\/posts\/146\/revisions\/260"}],"wp:attachment":[{"href":"https:\/\/geneamedoc.fr\/index.php?rest_route=%2Fwp%2Fv2%2Fmedia&parent=146"}],"wp:term":[{"taxonomy":"category","embeddable":true,"href":"https:\/\/geneamedoc.fr\/index.php?rest_route=%2Fwp%2Fv2%2Fcategories&post=146"},{"taxonomy":"post_tag","embeddable":true,"href":"https:\/\/geneamedoc.fr\/index.php?rest_route=%2Fwp%2Fv2%2Ftags&post=146"}],"curies":[{"name":"wp","href":"https:\/\/api.w.org\/{rel}","templated":true}]}}