{"id":144,"date":"2014-08-11T16:30:35","date_gmt":"2014-08-11T14:30:35","guid":{"rendered":"http:\/\/geneamedoc.wordpress.com\/2014\/08\/11\/exposition-centenaire-guerre-14-18-du-3-aout-2014\/"},"modified":"2015-05-27T05:06:28","modified_gmt":"2015-05-27T05:06:28","slug":"exposition-centenaire-guerre-14-18-du-3-aout-2014","status":"publish","type":"post","link":"https:\/\/geneamedoc.fr\/?p=144","title":{"rendered":"Exposition \u00ab\u00a0centenaire guerre 14-18\u00a0\u00bb du 3 ao\u00fbt 2014"},"content":{"rendered":"<p><a href=\"http:\/\/geneamedoc.fr\/wp-content\/uploads\/2014\/08\/p1010500.jpg\"><img loading=\"lazy\" decoding=\"async\" class=\"alignnone size-medium wp-image-138\" src=\"http:\/\/geneamedoc.fr\/wp-content\/uploads\/2014\/08\/p1010500.jpg?w=300\" alt=\"P1010500\" width=\"300\" height=\"199\" srcset=\"https:\/\/geneamedoc.fr\/wp-content\/uploads\/2014\/08\/p1010500.jpg 640w, https:\/\/geneamedoc.fr\/wp-content\/uploads\/2014\/08\/p1010500-300x200.jpg 300w\" sizes=\"auto, (max-width: 300px) 100vw, 300px\" \/><\/a><\/p>\n<p style=\"text-align: justify;\">Le 3 ao\u00fbt 2014,nous pr\u00e9sentions l&rsquo;exposition consacr\u00e9e au centenaire de la guerre 14-18.,fruit de plusieurs mois de recherches. Nous avons eu beaucoup de visiteurs, d&rsquo;anciens mais aussi de jeunes et d&rsquo;enfants curieux de ce que f\u00fbt ce conflit, et qui ont appr\u00e9ci\u00e9 notre travail , du contexte en ce d\u00e9but 1914, au d\u00e9roulement de 4 longues ann\u00e9es de cette guerre illustr\u00e9es par des documents d&rsquo;\u00e9poque.<\/p>\n<p><a href=\"http:\/\/geneamedoc.fr\/wp-content\/uploads\/2014\/08\/p1010503.jpg\"><img loading=\"lazy\" decoding=\"async\" class=\"alignnone size-medium wp-image-139\" src=\"http:\/\/geneamedoc.fr\/wp-content\/uploads\/2014\/08\/p1010503.jpg?w=300\" alt=\"P1010503\" width=\"300\" height=\"199\" srcset=\"https:\/\/geneamedoc.fr\/wp-content\/uploads\/2014\/08\/p1010503.jpg 640w, https:\/\/geneamedoc.fr\/wp-content\/uploads\/2014\/08\/p1010503-300x200.jpg 300w\" sizes=\"auto, (max-width: 300px) 100vw, 300px\" \/><\/a><\/p>\n<p style=\"text-align: justify;\">Nos efforts ont \u00e9t\u00e9 r\u00e9compens\u00e9s, m\u00eame la pluie n&rsquo;a pas d\u00e9courag\u00e9 nos visiteurs, qui nous ont f\u00e9licit\u00e9 sur le s\u00e9rieux et la qualit\u00e9 de nos recherches, et de la documentation pr\u00e9sent\u00e9e.<\/p>\n<p>\u00a0<a href=\"http:\/\/geneamedoc.fr\/wp-content\/uploads\/2014\/08\/p1010498.jpg\"><img loading=\"lazy\" decoding=\"async\" class=\"alignnone size-medium wp-image-137\" src=\"http:\/\/geneamedoc.fr\/wp-content\/uploads\/2014\/08\/p1010498.jpg?w=300\" alt=\"P1010498\" width=\"300\" height=\"199\" srcset=\"https:\/\/geneamedoc.fr\/wp-content\/uploads\/2014\/08\/p1010498.jpg 640w, https:\/\/geneamedoc.fr\/wp-content\/uploads\/2014\/08\/p1010498-300x200.jpg 300w\" sizes=\"auto, (max-width: 300px) 100vw, 300px\" \/><\/a> <a href=\"http:\/\/geneamedoc.fr\/wp-content\/uploads\/2014\/08\/p1010492.jpg\"><img loading=\"lazy\" decoding=\"async\" class=\"size-medium wp-image-136 aligncenter\" src=\"http:\/\/geneamedoc.fr\/wp-content\/uploads\/2014\/08\/p1010492.jpg?w=300\" alt=\"P1010492\" width=\"300\" height=\"199\" srcset=\"https:\/\/geneamedoc.fr\/wp-content\/uploads\/2014\/08\/p1010492.jpg 640w, https:\/\/geneamedoc.fr\/wp-content\/uploads\/2014\/08\/p1010492-300x200.jpg 300w\" sizes=\"auto, (max-width: 300px) 100vw, 300px\" \/><\/a> <a href=\"http:\/\/geneamedoc.fr\/wp-content\/uploads\/2014\/08\/p1090092.jpg\"><img loading=\"lazy\" decoding=\"async\" class=\"alignnone size-medium wp-image-141\" src=\"http:\/\/geneamedoc.fr\/wp-content\/uploads\/2014\/08\/p1090092.jpg?w=300\" alt=\"P1090092\" width=\"300\" height=\"225\" srcset=\"https:\/\/geneamedoc.fr\/wp-content\/uploads\/2014\/08\/p1090092.jpg 640w, https:\/\/geneamedoc.fr\/wp-content\/uploads\/2014\/08\/p1090092-300x225.jpg 300w\" sizes=\"auto, (max-width: 300px) 100vw, 300px\" \/><\/a><\/p>\n<p style=\"text-align: justify;\">Quelques objets nous avaient \u00e9t\u00e9 pr\u00eat\u00e9s, douilles grav\u00e9es, broderies r\u00e9alis\u00e9es par un girondin prisonnier en Allemagne, des cartes brod\u00e9es,mais aussi des choses du quotidien de poilu, briquet , quart, ba\u00efonnette ,correspondance\u2026et des revues d\u2019\u00e9poques largement feuillet\u00e9es.<\/p>\n<p style=\"text-align: justify;\">G\u00e9n\u00e9am\u00e9doc voulait bien s\u00fbr s\u2019associer \u00e0 la comm\u00e9moration de la Grande Guerre et rendre hommage aux enfants de Castelnau ,morts pour la France .Nous avons donc retrac\u00e9 la br\u00e8ve vie de ces jeunes, recherch\u00e9 les fiches sur le site de m\u00e9moire des hommes relatant les conditions de leur d\u00e9c\u00e8s et nous en avons r\u00e9alis\u00e9 un petit recueil que nous avons donn\u00e9 officiellement \u00e0 Monsieur le maire ,lors de la c\u00e9r\u00e9monie aux monuments aux morts, organis\u00e9e par les anciens combattants en fin de matin\u00e9e .<\/p>\n<p><a href=\"http:\/\/geneamedoc.fr\/wp-content\/uploads\/2014\/08\/p1010507.jpg\"><img loading=\"lazy\" decoding=\"async\" class=\"alignnone size-medium wp-image-140\" src=\"http:\/\/geneamedoc.fr\/wp-content\/uploads\/2014\/08\/p1010507.jpg?w=300\" alt=\"P1010507\" width=\"300\" height=\"199\" srcset=\"https:\/\/geneamedoc.fr\/wp-content\/uploads\/2014\/08\/p1010507.jpg 640w, https:\/\/geneamedoc.fr\/wp-content\/uploads\/2014\/08\/p1010507-300x200.jpg 300w\" sizes=\"auto, (max-width: 300px) 100vw, 300px\" \/><\/a><\/p>\n<p style=\"text-align: justify;\">Merci aux membres de g\u00e9n\u00e9am\u00e9doc qui par leur pr\u00e9sence et leur aide ont largement particip\u00e9 \u00e0 la r\u00e9ussite de cette journ\u00e9e.<\/p>\n<p style=\"text-align: justify;\">Christine Dab\u00e9 pr\u00e9sidente de G\u00e9n\u00e9am\u00e9doc<\/p>\n","protected":false},"excerpt":{"rendered":"<p>Le 3 ao\u00fbt 2014,nous pr\u00e9sentions l&rsquo;exposition consacr\u00e9e au centenaire de la guerre 14-18.,fruit de plusieurs mois de recherches. Nous avons eu beaucoup de visiteurs, d&rsquo;anciens mais aussi de jeunes et d&rsquo;enfants curieux de ce que f\u00fbt ce conflit, et qui &hellip; <a href=\"https:\/\/geneamedoc.fr\/?p=144\">Continuer la lecture <span class=\"meta-nav\">&rarr;<\/span><\/a><\/p>\n","protected":false},"author":1,"featured_media":0,"comment_status":"open","ping_status":"open","sticky":false,"template":"","format":"standard","meta":{"footnotes":""},"categories":[2],"tags":[],"class_list":["post-144","post","type-post","status-publish","format-standard","hentry","category-activites"],"_links":{"self":[{"href":"https:\/\/geneamedoc.fr\/index.php?rest_route=\/wp\/v2\/posts\/144","targetHints":{"allow":["GET"]}}],"collection":[{"href":"https:\/\/geneamedoc.fr\/index.php?rest_route=\/wp\/v2\/posts"}],"about":[{"href":"https:\/\/geneamedoc.fr\/index.php?rest_route=\/wp\/v2\/types\/post"}],"author":[{"embeddable":true,"href":"https:\/\/geneamedoc.fr\/index.php?rest_route=\/wp\/v2\/users\/1"}],"replies":[{"embeddable":true,"href":"https:\/\/geneamedoc.fr\/index.php?rest_route=%2Fwp%2Fv2%2Fcomments&post=144"}],"version-history":[{"count":1,"href":"https:\/\/geneamedoc.fr\/index.php?rest_route=\/wp\/v2\/posts\/144\/revisions"}],"predecessor-version":[{"id":252,"href":"https:\/\/geneamedoc.fr\/index.php?rest_route=\/wp\/v2\/posts\/144\/revisions\/252"}],"wp:attachment":[{"href":"https:\/\/geneamedoc.fr\/index.php?rest_route=%2Fwp%2Fv2%2Fmedia&parent=144"}],"wp:term":[{"taxonomy":"category","embeddable":true,"href":"https:\/\/geneamedoc.fr\/index.php?rest_route=%2Fwp%2Fv2%2Fcategories&post=144"},{"taxonomy":"post_tag","embeddable":true,"href":"https:\/\/geneamedoc.fr\/index.php?rest_route=%2Fwp%2Fv2%2Ftags&post=144"}],"curies":[{"name":"wp","href":"https:\/\/api.w.org\/{rel}","templated":true}]}}