{"id":116,"date":"2014-05-16T16:10:41","date_gmt":"2014-05-16T14:10:41","guid":{"rendered":"http:\/\/geneamedoc.wordpress.com\/?p=116"},"modified":"2014-05-16T16:10:41","modified_gmt":"2014-05-16T14:10:41","slug":"exposition-du-centenaire-guerre-1914-1918","status":"publish","type":"post","link":"https:\/\/geneamedoc.fr\/?p=116","title":{"rendered":"Exposition du centenaire Guerre 1914-1918"},"content":{"rendered":"<p>Notre club G\u00e9n\u00e9aM\u00e9doc, fid\u00e8le au devoir de m\u00e9moire qui est une de nos valeurs essentielles, se consacre cette ann\u00e9e 2014, au centenaire de la guerre 1914-1918 par de multiples recherches , documents , t\u00e9moignages et d\u2019informations pour mieux comprendre ce que f\u00fbt cette guerre.<\/p>\n<p>Nous voulons rendre hommage aux enfants de Castelnau tomb\u00e9s lors de ce conflit particuli\u00e8rement meurtrier en essayant de retracer leur courte vie afin que leur mort ne se r\u00e9sume pas \u00e0 un nom grav\u00e9 dans la pierre.<\/p>\n<p>Nous souhaitons sensibiliser jeunes et moins jeunes \u00e0 ce que f\u00fbt cette guerre .<a href=\"http:\/\/geneamedoc.fr\/wp-content\/uploads\/2014\/05\/bal1opmission02def.jpg\"><img decoding=\"async\" id=\"i-118\" class=\"size-full wp-image\" src=\"http:\/\/geneamedoc.fr\/wp-content\/uploads\/2014\/05\/bal1opmission02def.jpg?w=370\" alt=\"Image\" \/><\/a><\/p>\n<p>En association avec l\u2019<strong>U<\/strong>nion <strong>N<\/strong>ationale des <strong>C<\/strong>ombattants , nous organiserons le 3 ao\u00fbt 2014 une exposition sur \u00ab\u00a0la Grande Guerre\u00a0\u00bb documents d\u2019\u00e9poque, journaux, correspondance de soldats, affiches, cartes postales , objets r\u00e9alis\u00e9s par des prisonniers \u2026seront pr\u00e9sent\u00e9s, et une c\u00e9r\u00e9monie se d\u00e9roulera au monuments aux morts cette m\u00eame matin\u00e9e .<\/p>\n<p>Nous comm\u00e9morerons ce jour l\u00e0 le centenaire puisque le 3 ao\u00fbt 1914 est le jour de la d\u00e9claration de guerre de l\u2019Allemagne \u00e0 la France et le d\u00e9part de nos premiers soldats suite \u00e0 l\u2019ordre de mobilisation g\u00e9n\u00e9rale du 2 ao\u00fbt.<\/p>\n<p>Cette exposition gratuite et ouverte \u00e0 tous se tiendra le dimanche 3 ao\u00fbt 2014 de 9h \u00e0 13h salle de l\u2019ancienne Mairie place Aristide Brand \u00e0 Castelnau de M\u00e9doc.<\/p>\n<p>Nous souhaitons p\u00e9renniser cette exposition qui sera pr\u00e9sent\u00e9e au foyer polyvalent \u00e0 l\u2019automne aux \u00e9l\u00e8ves du primaire et du coll\u00e8ge<\/p>\n<p><a href=\"http:\/\/geneamedoc.fr\/wp-content\/uploads\/2014\/05\/009_at10.jpg\"><img decoding=\"async\" id=\"i-122\" class=\"size-full wp-image\" src=\"http:\/\/geneamedoc.fr\/wp-content\/uploads\/2014\/05\/009_at10.jpg?w=454\" alt=\"Image\" \/><\/a><\/p>\n<p>&nbsp;<\/p>\n","protected":false},"excerpt":{"rendered":"<p>Notre club G\u00e9n\u00e9aM\u00e9doc, fid\u00e8le au devoir de m\u00e9moire qui est une de nos valeurs essentielles, se consacre cette ann\u00e9e 2014, au centenaire de la guerre 1914-1918 par de multiples recherches , documents , t\u00e9moignages et d\u2019informations pour mieux comprendre ce &hellip; <a href=\"https:\/\/geneamedoc.fr\/?p=116\">Continuer la lecture <span class=\"meta-nav\">&rarr;<\/span><\/a><\/p>\n","protected":false},"author":1,"featured_media":0,"comment_status":"open","ping_status":"open","sticky":false,"template":"","format":"standard","meta":{"footnotes":""},"categories":[2],"tags":[],"class_list":["post-116","post","type-post","status-publish","format-standard","hentry","category-activites"],"_links":{"self":[{"href":"https:\/\/geneamedoc.fr\/index.php?rest_route=\/wp\/v2\/posts\/116","targetHints":{"allow":["GET"]}}],"collection":[{"href":"https:\/\/geneamedoc.fr\/index.php?rest_route=\/wp\/v2\/posts"}],"about":[{"href":"https:\/\/geneamedoc.fr\/index.php?rest_route=\/wp\/v2\/types\/post"}],"author":[{"embeddable":true,"href":"https:\/\/geneamedoc.fr\/index.php?rest_route=\/wp\/v2\/users\/1"}],"replies":[{"embeddable":true,"href":"https:\/\/geneamedoc.fr\/index.php?rest_route=%2Fwp%2Fv2%2Fcomments&post=116"}],"version-history":[{"count":0,"href":"https:\/\/geneamedoc.fr\/index.php?rest_route=\/wp\/v2\/posts\/116\/revisions"}],"wp:attachment":[{"href":"https:\/\/geneamedoc.fr\/index.php?rest_route=%2Fwp%2Fv2%2Fmedia&parent=116"}],"wp:term":[{"taxonomy":"category","embeddable":true,"href":"https:\/\/geneamedoc.fr\/index.php?rest_route=%2Fwp%2Fv2%2Fcategories&post=116"},{"taxonomy":"post_tag","embeddable":true,"href":"https:\/\/geneamedoc.fr\/index.php?rest_route=%2Fwp%2Fv2%2Ftags&post=116"}],"curies":[{"name":"wp","href":"https:\/\/api.w.org\/{rel}","templated":true}]}}